{"id":36180,"date":"2018-07-10T16:57:28","date_gmt":"2018-07-10T19:57:28","guid":{"rendered":"https:\/\/eldiariodesanpedro.com.ar\/sitio\/?p=36180"},"modified":"2018-07-10T16:57:28","modified_gmt":"2018-07-10T19:57:28","slug":"san-nicolas-condenaron-a-prision-condicional-a-un-policia-por-dispararle-a-una-joven","status":"publish","type":"post","link":"https:\/\/eldiariodesanpedro.com.ar\/sitio\/san-nicolas-condenaron-a-prision-condicional-a-un-policia-por-dispararle-a-una-joven\/","title":{"rendered":"SAN NICOLAS: Condenaron a prisi\u00f3n condicional a un polic\u00eda por dispararle a una joven"},"content":{"rendered":"<p><!-- VideographyWP Plugin Message: Automatic video embedding prevented by plugin options. --><br \/>\nLa Sra. Juez del Tribunal en lo Criminal Nro. 1, Dra. Mar\u00eda Bel\u00e9n Oc\u00e1riz, resolvi\u00f3 condenar a Marcos S., como autor penalmente responsable del delito de lesiones graves agravadas, a la pena de un a\u00f1o y seis meses de prisi\u00f3n de cumplimiento condicional. En un conflicto barrial sac\u00f3 su arma reglamentaria y efectu\u00f3 varios disparos lesionando accidentalmente a una joven.<\/p>\n<p>La Sra. Juez del Tribunal en lo Criminal Nro. 1, Dra. Mar\u00eda Bel\u00e9n Oc\u00e1riz, resolvi\u00f3 condenar a Marcos S., como autor penalmente responsable del delito de lesiones graves agravadas, en los t\u00e9rminos de los art\u00edculos 90 y 41 bis del C\u00f3digo Penal, a la pena de un a\u00f1o y seis meses de prisi\u00f3n de cumplimiento condicional, la que as\u00ed se impone por resultar primera condena.<\/p>\n<p>El 8 de diciembre de 2016 aproximadamente a las 21,00 un grupo de personas se constituy\u00f3 frente al port\u00f3n de ingreso a la vivienda de Rub\u00e9n sito en la intersecci\u00f3n de las calles N\u00fa\u00f1ez y Chiclana de San Nicol\u00e1s, donde efectuaron algunos disturbios rompiendo los vidrios del mencionado port\u00f3n. En tales circunstancias y desde el interior de la casa, el hermano del morador, Marcos S., empleado policial en ese momento de franco de servicio, utilizando su arma reglamentaria marca Bersa Thunder 9 Pro calibre 9mm efectu\u00f3 dos disparos en direcci\u00f3n a las personas que estaban frente a la residencia, los que impactaron en Geraldine, quien sufri\u00f3 lesiones de car\u00e1cter graves.<\/p>\n<p>Testimonios<br \/>\nEfectivos policiales que actuaron en el hecho detallaron que cuando llegaron al lugar hab\u00eda varias personas ofuscadas que les comentaron que un polic\u00eda hab\u00eda efectuado disparos hiriendo a la mujer que estaban trasladando al hospital. Estaba la madre y el hermano de la joven herida que les ped\u00edan que sacaran al polic\u00eda de la casa. Todos gritaban diciendo que el polic\u00eda hab\u00eda disparado. En ese momento sali\u00f3 un hombre de la casa y se acerc\u00f3 a su compa\u00f1ero quien le pidi\u00f3 el arma al polic\u00eda, lo espos\u00f3 y le pidi\u00f3 que los acompa\u00f1ara al m\u00f3vil para trasladarlo a la dependencia policial. El polic\u00eda estaba de civil.<\/p>\n<p>Roberto, cu\u00f1ado de la v\u00edctima, dijo que en la esquina de Chiclana y Luisa de N\u00fa\u00f1ez vive su suegra N\u00e9lida, junto con sus hijos Geraldine y Braian. El sujeto cont\u00f3 que hace un mes y medio atr\u00e1s los domicilios de su familia fueron allanados por la polic\u00eda por disposici\u00f3n de la justicia, creyendo que estaban relacionados con delitos por sustracciones de motocicletas. Roberto cont\u00f3 que hab\u00eda varias discusiones y conflictos con su vecino Rub\u00e9n por problemas derivados de cuestiones personales entre ellos. Estos problemas eran exclusivamente discusiones que manten\u00edan en la puerta de la casa del polic\u00eda. Cont\u00f3 que ese d\u00eda estaba en su vivienda acostado mirando televisi\u00f3n cuando lleg\u00f3 su cu\u00f1ado Braian y le dijo que Rub\u00e9n en la calle le coment\u00f3 que ya faltaba poco para que lo sacaran del barrio. Tal circunstancia motiv\u00f3 que tomara una pala y se cruzara a la casa de Rub\u00e9n, que queda justo frente a la de su suegra. Con la pala en la mano lleg\u00f3 hasta la puerta de la vivienda del nombrado, grit\u00e1ndole que salga a la calle a arreglar los problemas. Con la pala golpe\u00f3 la puerta de entrada (que en realidad se trata de un port\u00f3n de color blanco) cay\u00e9ndose uno de los vidrios. Desde el interior de la casa nadie respondi\u00f3 los reclamos pero enseguida se sintieron disparos de arma de fuego hacia la calle. Los disparos salieron desde adentro mismo de la casa por el port\u00f3n, hacia la esquina contraria donde vive su familia. Precisamente, cont\u00f3 el testigo, en la puerta de la casa de su suegra estaba su mujer Jenifer con su hermana Geraldine. Luego de los disparos, por el mismo port\u00f3n sali\u00f3 el hermano de Rub\u00e9n, llamado Marcos, al que ya conoc\u00eda de vista. En ese momento lo vio con un arma en la mano con la que los segu\u00eda apuntando sin efectuar nuevos disparos. Inmediatamente despu\u00e9s su cu\u00f1ada Geraldine empez\u00f3 a gritar que estaba herida disponi\u00e9ndose toda su familia a auxiliarla. Fue llevada de urgencia al hospital en un auto particular marca Renault Megane de un vecino. Cuando lleg\u00f3 la polic\u00eda le comentaron lo sucedido indic\u00e1ndole que dentro de la casa hab\u00eda una persona que les dispar\u00f3 y se lo llevaron detenido.<\/p>\n","protected":false},"excerpt":{"rendered":"<p>La Sra. Juez del Tribunal en lo Criminal Nro. 1, Dra. Mar\u00eda Bel\u00e9n Oc\u00e1riz, resolvi\u00f3 condenar a Marcos S., como autor penalmente responsable del delito de lesiones graves agravadas, a la pena de un a\u00f1o y seis meses de prisi\u00f3n de cumplimiento condicional. En un conflicto barrial sac\u00f3 su arma reglamentaria y efectu\u00f3 varios disparos [&hellip;]<\/p>\n","protected":false},"author":4,"featured_media":36181,"comment_status":"open","ping_status":"closed","sticky":false,"template":"","format":"standard","meta":{"om_disable_all_campaigns":false,"_jetpack_memberships_contains_paid_content":false,"footnotes":""},"categories":[621],"tags":[],"class_list":["post-36180","post","type-post","status-publish","format-standard","has-post-thumbnail","hentry","category-regionales"],"aioseo_notices":[],"gutentor_comment":0,"jetpack_featured_media_url":"https:\/\/eldiariodesanpedro.com.ar\/sitio\/wp-content\/uploads\/2018\/07\/elnorte5b44740a26346_6-sentencia-geraldine-4x12.jpg","jetpack_shortlink":"https:\/\/wp.me\/p6RhLt-9py","jetpack_sharing_enabled":true,"_links":{"self":[{"href":"https:\/\/eldiariodesanpedro.com.ar\/sitio\/wp-json\/wp\/v2\/posts\/36180","targetHints":{"allow":["GET"]}}],"collection":[{"href":"https:\/\/eldiariodesanpedro.com.ar\/sitio\/wp-json\/wp\/v2\/posts"}],"about":[{"href":"https:\/\/eldiariodesanpedro.com.ar\/sitio\/wp-json\/wp\/v2\/types\/post"}],"author":[{"embeddable":true,"href":"https:\/\/eldiariodesanpedro.com.ar\/sitio\/wp-json\/wp\/v2\/users\/4"}],"replies":[{"embeddable":true,"href":"https:\/\/eldiariodesanpedro.com.ar\/sitio\/wp-json\/wp\/v2\/comments?post=36180"}],"version-history":[{"count":1,"href":"https:\/\/eldiariodesanpedro.com.ar\/sitio\/wp-json\/wp\/v2\/posts\/36180\/revisions"}],"predecessor-version":[{"id":36182,"href":"https:\/\/eldiariodesanpedro.com.ar\/sitio\/wp-json\/wp\/v2\/posts\/36180\/revisions\/36182"}],"wp:featuredmedia":[{"embeddable":true,"href":"https:\/\/eldiariodesanpedro.com.ar\/sitio\/wp-json\/wp\/v2\/media\/36181"}],"wp:attachment":[{"href":"https:\/\/eldiariodesanpedro.com.ar\/sitio\/wp-json\/wp\/v2\/media?parent=36180"}],"wp:term":[{"taxonomy":"category","embeddable":true,"href":"https:\/\/eldiariodesanpedro.com.ar\/sitio\/wp-json\/wp\/v2\/categories?post=36180"},{"taxonomy":"post_tag","embeddable":true,"href":"https:\/\/eldiariodesanpedro.com.ar\/sitio\/wp-json\/wp\/v2\/tags?post=36180"}],"curies":[{"name":"wp","href":"https:\/\/api.w.org\/{rel}","templated":true}]}}