{"id":36176,"date":"2018-07-10T16:46:58","date_gmt":"2018-07-10T19:46:58","guid":{"rendered":"https:\/\/eldiariodesanpedro.com.ar\/sitio\/?p=36176"},"modified":"2018-07-10T16:46:58","modified_gmt":"2018-07-10T19:46:58","slug":"ramallo-el-ajuste-de-vidal-llego-a-las-escuelas-tecnicas","status":"publish","type":"post","link":"https:\/\/eldiariodesanpedro.com.ar\/sitio\/ramallo-el-ajuste-de-vidal-llego-a-las-escuelas-tecnicas\/","title":{"rendered":"RAMALLO: El ajuste de Vidal lleg\u00f3 a las Escuelas T\u00e9cnicas"},"content":{"rendered":"<p><!-- VideographyWP Plugin Message: Automatic video embedding prevented by plugin options. --><br \/>\nLos gremios docentes denuncian que un proyecto de la Direcci\u00f3n General de Cultura y Educaci\u00f3n busca recortar cerca de 1.500 horas en los siete a\u00f1os de tecnicatura, un 15% de la carrera. Cuestionan que afecta la formaci\u00f3n y los puestos laborales docentes.<\/p>\n<p>En medio del conflicto educativo en la provincia de Buenos Aires los gremios de docentes denunciaron un inminente nuevo recorte por parte de la Direcci\u00f3n General de Escuelas que preside Gabriel S\u00e1nchez Zinny.<\/p>\n<p>En este caso, el \u00e1rea afectada son las escuelas t\u00e9cnicas provinciales y los docentes que all\u00ed trabajan. Desde Suteba advirtieron que la DGCyE est\u00e1 trabajando en la \u201creadecuaci\u00f3n\u201d de los dise\u00f1os curriculares de la educaci\u00f3n t\u00e9cnica, que significa la quita de 1.476 m\u00f3dulos de clase en los siete a\u00f1os de la tecnicatura, lo que conlleva al deterioro en el proceso de ense\u00f1anza y la eliminaci\u00f3n de puestos laborales docentes.<\/p>\n<p>Gustavo Salcedo, secretario gremial de Udocba, se\u00f1al\u00f3 que el recorte implica 324 horas menos en el ciclo b\u00e1sico y 1.152 en el ciclo superior, lo que representa una reducci\u00f3n de casi el 15% de la carrera.<\/p>\n<p>En concreto, seg\u00fan el borrador al que accedieron los gremios, en el ciclo b\u00e1sico, el nuevo plan de estudios elimina 72 horas de las 144 actuales de Ciencias Sociales de 1\u00b0 a\u00f1o. Para 2\u00b0 y 3\u00b0, reduce Historia y Geograf\u00eda, de 144 totales, a 72 unificadas en Ciencias Sociales. Elimina por completo Construcci\u00f3n Ciudadana. En tanto, en el ciclo superior de la tecnicatura unifica 144 totales entre F\u00edsico-Qu\u00edmica y Biolog\u00eda, en 72 de Ciencias Naturales. Y, por \u00faltimo, crea la materia \u201cEmprendedorismo y Gesti\u00f3n de Proyectos\u201d, en l\u00ednea con el perfil productivo que ha plasmado Cambiemos durante su gesti\u00f3n.<\/p>\n<p>El recorte educativo se produce en el marco de otros ajustes en materia educativa que llev\u00f3 a cabo -o intent\u00f3- el gobierno provincial a lo largo del presente ciclo lectivo. Adem\u00e1s de no llamar a paritarias desde hace 75 d\u00edas, Provincia cerr\u00f3 escuelas rurales, isle\u00f1as y bachilleratos para adultos.<\/p>\n<p>Fuente: Ramallo Informa<\/p>\n","protected":false},"excerpt":{"rendered":"<p>Los gremios docentes denuncian que un proyecto de la Direcci\u00f3n General de Cultura y Educaci\u00f3n busca recortar cerca de 1.500 horas en los siete a\u00f1os de tecnicatura, un 15% de la carrera. Cuestionan que afecta la formaci\u00f3n y los puestos laborales docentes. En medio del conflicto educativo en la provincia de Buenos Aires los gremios [&hellip;]<\/p>\n","protected":false},"author":4,"featured_media":36177,"comment_status":"open","ping_status":"closed","sticky":false,"template":"","format":"standard","meta":{"om_disable_all_campaigns":false,"_jetpack_memberships_contains_paid_content":false,"footnotes":""},"categories":[621],"tags":[],"class_list":["post-36176","post","type-post","status-publish","format-standard","has-post-thumbnail","hentry","category-regionales"],"aioseo_notices":[],"gutentor_comment":0,"jetpack_featured_media_url":"https:\/\/eldiariodesanpedro.com.ar\/sitio\/wp-content\/uploads\/2018\/07\/escuelatecnica-720x491.jpg","jetpack_shortlink":"https:\/\/wp.me\/p6RhLt-9pu","jetpack_sharing_enabled":true,"_links":{"self":[{"href":"https:\/\/eldiariodesanpedro.com.ar\/sitio\/wp-json\/wp\/v2\/posts\/36176","targetHints":{"allow":["GET"]}}],"collection":[{"href":"https:\/\/eldiariodesanpedro.com.ar\/sitio\/wp-json\/wp\/v2\/posts"}],"about":[{"href":"https:\/\/eldiariodesanpedro.com.ar\/sitio\/wp-json\/wp\/v2\/types\/post"}],"author":[{"embeddable":true,"href":"https:\/\/eldiariodesanpedro.com.ar\/sitio\/wp-json\/wp\/v2\/users\/4"}],"replies":[{"embeddable":true,"href":"https:\/\/eldiariodesanpedro.com.ar\/sitio\/wp-json\/wp\/v2\/comments?post=36176"}],"version-history":[{"count":1,"href":"https:\/\/eldiariodesanpedro.com.ar\/sitio\/wp-json\/wp\/v2\/posts\/36176\/revisions"}],"predecessor-version":[{"id":36178,"href":"https:\/\/eldiariodesanpedro.com.ar\/sitio\/wp-json\/wp\/v2\/posts\/36176\/revisions\/36178"}],"wp:featuredmedia":[{"embeddable":true,"href":"https:\/\/eldiariodesanpedro.com.ar\/sitio\/wp-json\/wp\/v2\/media\/36177"}],"wp:attachment":[{"href":"https:\/\/eldiariodesanpedro.com.ar\/sitio\/wp-json\/wp\/v2\/media?parent=36176"}],"wp:term":[{"taxonomy":"category","embeddable":true,"href":"https:\/\/eldiariodesanpedro.com.ar\/sitio\/wp-json\/wp\/v2\/categories?post=36176"},{"taxonomy":"post_tag","embeddable":true,"href":"https:\/\/eldiariodesanpedro.com.ar\/sitio\/wp-json\/wp\/v2\/tags?post=36176"}],"curies":[{"name":"wp","href":"https:\/\/api.w.org\/{rel}","templated":true}]}}