{"id":36148,"date":"2018-07-10T09:59:04","date_gmt":"2018-07-10T12:59:04","guid":{"rendered":"https:\/\/eldiariodesanpedro.com.ar\/sitio\/?p=36148"},"modified":"2018-07-10T09:59:04","modified_gmt":"2018-07-10T12:59:04","slug":"una-nueva-feria-llega-con-las-vacaciones-de-invierno","status":"publish","type":"post","link":"https:\/\/eldiariodesanpedro.com.ar\/sitio\/una-nueva-feria-llega-con-las-vacaciones-de-invierno\/","title":{"rendered":"Una nueva feria llega con las vacaciones de invierno"},"content":{"rendered":"<p><!-- VideographyWP Plugin Message: Automatic video embedding prevented by plugin options. --><br \/>\nEl 14 de julio ser\u00e1 el nuevo encuentro entre productores y consumidores en la Plaza Constituci\u00f3n. Ser\u00e1 una oportunidad ideal para hacer stock de invierno.<\/p>\n<p>Miel y dulces variados, hortalizas pesadas y lanas, ser\u00e1n las estrellas de esta edici\u00f3n, si se pone el foco en aquello t\u00edpico para pasar un invierno lleno de sabor, calentitos y entretenidos con tejidos en casa. Pero adem\u00e1s habr\u00e1 como siempre amplia variedad de plantas arbustivas, florales y cactus, plantines para anticiparse a la primavera y la variedad de productos de cada edici\u00f3n.<\/p>\n<p>Ipomea estar\u00e1 con dos emprendimientos, La Matilde y El yuyito. Los primeros no solo ofrecer\u00e1n batata, sino que adem\u00e1s estar\u00e1n registrando interesados en recibir provisiones a domicilio hasta la pr\u00f3xima feria. El yuyito por su parte traer\u00e1 un producto premium de Ipomea, los batatines, una presentaci\u00f3n que permite utilizaciones alternativas y para las cocinas gourmet.<\/p>\n<p>En el caso de La Lana, Patricia G\u00f3mez traer\u00e1 su festival de colores de lana hilada a mano, con promociones directas para ponerse un objetivo colorido de invierno. Tambi\u00e9n estar\u00e1n las otras tejedoras con sus productos \u00fanicos para lucir elegantes y calentitas, o acomodar la casa con lana 100% natural.<\/p>\n<p>En cuanto a los dulces habr\u00e1 variedad, y es que para transitar estos fr\u00edos meses de invierno, los dulces en las tostadas, en las tortas o en confituras de postre, deber\u00e1n acumularse en las alacenas hasta llegar la primavera, cuando sea la pr\u00f3xima feria. Incluso, como siempre estar\u00e1 la amplia oferta de mieles de distintos or\u00edgenes que propone la Cooperativa Solsampedrino.<\/p>\n<p>Para quienes hacen prevenci\u00f3n en salud, estar\u00e1n los productos con prop\u00f3leos que ofrece Apiseuda, y los plantines medicinales que traen algunos de los participantes. Y claro, plantas, plantines y plantones de todo tipo, para ir anticip\u00e1ndose a la primavera e ir planificando los patios, jardines y huertas.<\/p>\n","protected":false},"excerpt":{"rendered":"<p>El 14 de julio ser\u00e1 el nuevo encuentro entre productores y consumidores en la Plaza Constituci\u00f3n. Ser\u00e1 una oportunidad ideal para hacer stock de invierno. Miel y dulces variados, hortalizas pesadas y lanas, ser\u00e1n las estrellas de esta edici\u00f3n, si se pone el foco en aquello t\u00edpico para pasar un invierno lleno de sabor, calentitos [&hellip;]<\/p>\n","protected":false},"author":4,"featured_media":36149,"comment_status":"open","ping_status":"closed","sticky":false,"template":"","format":"standard","meta":{"om_disable_all_campaigns":false,"_jetpack_memberships_contains_paid_content":false,"footnotes":""},"categories":[101,2],"tags":[],"class_list":["post-36148","post","type-post","status-publish","format-standard","has-post-thumbnail","hentry","category-interes-general-locales","category-locales"],"aioseo_notices":[],"gutentor_comment":0,"jetpack_featured_media_url":"https:\/\/eldiariodesanpedro.com.ar\/sitio\/wp-content\/uploads\/2018\/07\/unnamed.png","jetpack_shortlink":"https:\/\/wp.me\/p6RhLt-9p2","jetpack_sharing_enabled":true,"_links":{"self":[{"href":"https:\/\/eldiariodesanpedro.com.ar\/sitio\/wp-json\/wp\/v2\/posts\/36148","targetHints":{"allow":["GET"]}}],"collection":[{"href":"https:\/\/eldiariodesanpedro.com.ar\/sitio\/wp-json\/wp\/v2\/posts"}],"about":[{"href":"https:\/\/eldiariodesanpedro.com.ar\/sitio\/wp-json\/wp\/v2\/types\/post"}],"author":[{"embeddable":true,"href":"https:\/\/eldiariodesanpedro.com.ar\/sitio\/wp-json\/wp\/v2\/users\/4"}],"replies":[{"embeddable":true,"href":"https:\/\/eldiariodesanpedro.com.ar\/sitio\/wp-json\/wp\/v2\/comments?post=36148"}],"version-history":[{"count":1,"href":"https:\/\/eldiariodesanpedro.com.ar\/sitio\/wp-json\/wp\/v2\/posts\/36148\/revisions"}],"predecessor-version":[{"id":36150,"href":"https:\/\/eldiariodesanpedro.com.ar\/sitio\/wp-json\/wp\/v2\/posts\/36148\/revisions\/36150"}],"wp:featuredmedia":[{"embeddable":true,"href":"https:\/\/eldiariodesanpedro.com.ar\/sitio\/wp-json\/wp\/v2\/media\/36149"}],"wp:attachment":[{"href":"https:\/\/eldiariodesanpedro.com.ar\/sitio\/wp-json\/wp\/v2\/media?parent=36148"}],"wp:term":[{"taxonomy":"category","embeddable":true,"href":"https:\/\/eldiariodesanpedro.com.ar\/sitio\/wp-json\/wp\/v2\/categories?post=36148"},{"taxonomy":"post_tag","embeddable":true,"href":"https:\/\/eldiariodesanpedro.com.ar\/sitio\/wp-json\/wp\/v2\/tags?post=36148"}],"curies":[{"name":"wp","href":"https:\/\/api.w.org\/{rel}","templated":true}]}}