{"id":36145,"date":"2018-07-10T09:34:25","date_gmt":"2018-07-10T12:34:25","guid":{"rendered":"https:\/\/eldiariodesanpedro.com.ar\/sitio\/?p=36145"},"modified":"2018-07-10T09:34:25","modified_gmt":"2018-07-10T12:34:25","slug":"dejo-su-moto-en-marcha-y-se-la-robaron","status":"publish","type":"post","link":"https:\/\/eldiariodesanpedro.com.ar\/sitio\/dejo-su-moto-en-marcha-y-se-la-robaron\/","title":{"rendered":"Dejo su moto en marcha y se la robaron"},"content":{"rendered":"<p><!-- VideographyWP Plugin Message: Automatic video embedding prevented by plugin options. --><br \/>\nUn ciudadano de 55 a\u00f1os al llegar a su domicilio, sito en calle Mart\u00edn Fierro al 1000, dejo su motocicleta en marcha al bajarse apurado y se encontr\u00f3 con la mala suerte de que justo pasaban dos delincuentes a bordo de otra motocicleta 110cc, uno desciende de ella y le sustraen el rodado en marcha.<\/p>\n<p>El ciudadano radic\u00f3 su denuncia en la Dependencia Local, dejando hacendado que la motocicleta sustra\u00edda era marca Gilera 110 cc tomando intervenci\u00f3n la UFI N\u00ba11.<\/p>\n","protected":false},"excerpt":{"rendered":"<p>Un ciudadano de 55 a\u00f1os al llegar a su domicilio, sito en calle Mart\u00edn Fierro al 1000, dejo su motocicleta en marcha al bajarse apurado y se encontr\u00f3 con la mala suerte de que justo pasaban dos delincuentes a bordo de otra motocicleta 110cc, uno desciende de ella y le sustraen el rodado en marcha. [&hellip;]<\/p>\n","protected":false},"author":4,"featured_media":35887,"comment_status":"open","ping_status":"closed","sticky":false,"template":"","format":"standard","meta":{"om_disable_all_campaigns":false,"_jetpack_memberships_contains_paid_content":false,"footnotes":""},"categories":[2,103],"tags":[],"class_list":["post-36145","post","type-post","status-publish","format-standard","has-post-thumbnail","hentry","category-locales","category-policiales-locales"],"aioseo_notices":[],"gutentor_comment":0,"jetpack_featured_media_url":"https:\/\/eldiariodesanpedro.com.ar\/sitio\/wp-content\/uploads\/2018\/07\/policia002-850x450.jpg","jetpack_shortlink":"https:\/\/wp.me\/p6RhLt-9oZ","jetpack_sharing_enabled":true,"_links":{"self":[{"href":"https:\/\/eldiariodesanpedro.com.ar\/sitio\/wp-json\/wp\/v2\/posts\/36145","targetHints":{"allow":["GET"]}}],"collection":[{"href":"https:\/\/eldiariodesanpedro.com.ar\/sitio\/wp-json\/wp\/v2\/posts"}],"about":[{"href":"https:\/\/eldiariodesanpedro.com.ar\/sitio\/wp-json\/wp\/v2\/types\/post"}],"author":[{"embeddable":true,"href":"https:\/\/eldiariodesanpedro.com.ar\/sitio\/wp-json\/wp\/v2\/users\/4"}],"replies":[{"embeddable":true,"href":"https:\/\/eldiariodesanpedro.com.ar\/sitio\/wp-json\/wp\/v2\/comments?post=36145"}],"version-history":[{"count":1,"href":"https:\/\/eldiariodesanpedro.com.ar\/sitio\/wp-json\/wp\/v2\/posts\/36145\/revisions"}],"predecessor-version":[{"id":36146,"href":"https:\/\/eldiariodesanpedro.com.ar\/sitio\/wp-json\/wp\/v2\/posts\/36145\/revisions\/36146"}],"wp:featuredmedia":[{"embeddable":true,"href":"https:\/\/eldiariodesanpedro.com.ar\/sitio\/wp-json\/wp\/v2\/media\/35887"}],"wp:attachment":[{"href":"https:\/\/eldiariodesanpedro.com.ar\/sitio\/wp-json\/wp\/v2\/media?parent=36145"}],"wp:term":[{"taxonomy":"category","embeddable":true,"href":"https:\/\/eldiariodesanpedro.com.ar\/sitio\/wp-json\/wp\/v2\/categories?post=36145"},{"taxonomy":"post_tag","embeddable":true,"href":"https:\/\/eldiariodesanpedro.com.ar\/sitio\/wp-json\/wp\/v2\/tags?post=36145"}],"curies":[{"name":"wp","href":"https:\/\/api.w.org\/{rel}","templated":true}]}}