{"id":36142,"date":"2018-07-10T09:23:47","date_gmt":"2018-07-10T12:23:47","guid":{"rendered":"https:\/\/eldiariodesanpedro.com.ar\/sitio\/?p=36142"},"modified":"2018-07-10T09:23:47","modified_gmt":"2018-07-10T12:23:47","slug":"accidente-en-gobernador-castro-2","status":"publish","type":"post","link":"https:\/\/eldiariodesanpedro.com.ar\/sitio\/accidente-en-gobernador-castro-2\/","title":{"rendered":"Accidente en Gobernador Castro"},"content":{"rendered":"<p><!-- VideographyWP Plugin Message: Automatic video embedding prevented by plugin options. --><br \/>\nEl hecho ocurri\u00f3 en intersecci\u00f3n de las calles Bol\u00edvar y Alves, en la localidad vecina de Gbor Castro, cuando un autom\u00f3vil marca Renault Sandero, conducido por un ciudadano de 33 a\u00f1os, oriundo de Monte Quingo, circulaba por calle Alves y  colision\u00f3 desde atr\u00e1s con acoplado encontr\u00e1ndose cargado de le\u00f1a estacionado sobre calle Bol\u00edvar.<\/p>\n<p>En el momento de la colisi\u00f3n se hallaba descargando la le\u00f1a un ciudadano de 54 a\u00f1os,  oriundo esa localidad que como consecuencias del impacto resulta lesionado, motivo que se comisiona y se hace presente ambulancia del Hospital 26 de julio donde el  medico diagnostica que presenta lesiones de car\u00e1cter leves, el  conductor del veh\u00edculo de 33 a\u00f1os, ileso.<\/p>\n","protected":false},"excerpt":{"rendered":"<p>El hecho ocurri\u00f3 en intersecci\u00f3n de las calles Bol\u00edvar y Alves, en la localidad vecina de Gbor Castro, cuando un autom\u00f3vil marca Renault Sandero, conducido por un ciudadano de 33 a\u00f1os, oriundo de Monte Quingo, circulaba por calle Alves y colision\u00f3 desde atr\u00e1s con acoplado encontr\u00e1ndose cargado de le\u00f1a estacionado sobre calle Bol\u00edvar. En el [&hellip;]<\/p>\n","protected":false},"author":4,"featured_media":36143,"comment_status":"open","ping_status":"closed","sticky":false,"template":"","format":"standard","meta":{"om_disable_all_campaigns":false,"_jetpack_memberships_contains_paid_content":false,"footnotes":""},"categories":[2,103],"tags":[],"class_list":["post-36142","post","type-post","status-publish","format-standard","has-post-thumbnail","hentry","category-locales","category-policiales-locales"],"aioseo_notices":[],"gutentor_comment":0,"jetpack_featured_media_url":"https:\/\/eldiariodesanpedro.com.ar\/sitio\/wp-content\/uploads\/2018\/07\/IMG_20180130_083815_BURST020.jpg","jetpack_shortlink":"https:\/\/wp.me\/p6RhLt-9oW","jetpack_sharing_enabled":true,"_links":{"self":[{"href":"https:\/\/eldiariodesanpedro.com.ar\/sitio\/wp-json\/wp\/v2\/posts\/36142","targetHints":{"allow":["GET"]}}],"collection":[{"href":"https:\/\/eldiariodesanpedro.com.ar\/sitio\/wp-json\/wp\/v2\/posts"}],"about":[{"href":"https:\/\/eldiariodesanpedro.com.ar\/sitio\/wp-json\/wp\/v2\/types\/post"}],"author":[{"embeddable":true,"href":"https:\/\/eldiariodesanpedro.com.ar\/sitio\/wp-json\/wp\/v2\/users\/4"}],"replies":[{"embeddable":true,"href":"https:\/\/eldiariodesanpedro.com.ar\/sitio\/wp-json\/wp\/v2\/comments?post=36142"}],"version-history":[{"count":1,"href":"https:\/\/eldiariodesanpedro.com.ar\/sitio\/wp-json\/wp\/v2\/posts\/36142\/revisions"}],"predecessor-version":[{"id":36144,"href":"https:\/\/eldiariodesanpedro.com.ar\/sitio\/wp-json\/wp\/v2\/posts\/36142\/revisions\/36144"}],"wp:featuredmedia":[{"embeddable":true,"href":"https:\/\/eldiariodesanpedro.com.ar\/sitio\/wp-json\/wp\/v2\/media\/36143"}],"wp:attachment":[{"href":"https:\/\/eldiariodesanpedro.com.ar\/sitio\/wp-json\/wp\/v2\/media?parent=36142"}],"wp:term":[{"taxonomy":"category","embeddable":true,"href":"https:\/\/eldiariodesanpedro.com.ar\/sitio\/wp-json\/wp\/v2\/categories?post=36142"},{"taxonomy":"post_tag","embeddable":true,"href":"https:\/\/eldiariodesanpedro.com.ar\/sitio\/wp-json\/wp\/v2\/tags?post=36142"}],"curies":[{"name":"wp","href":"https:\/\/api.w.org\/{rel}","templated":true}]}}