{"id":36140,"date":"2018-07-10T08:49:28","date_gmt":"2018-07-10T11:49:28","guid":{"rendered":"https:\/\/eldiariodesanpedro.com.ar\/sitio\/?p=36140"},"modified":"2018-07-10T08:49:28","modified_gmt":"2018-07-10T11:49:28","slug":"siguen-motochorros","status":"publish","type":"post","link":"https:\/\/eldiariodesanpedro.com.ar\/sitio\/siguen-motochorros\/","title":{"rendered":"Siguen Motochorros"},"content":{"rendered":"<p><!-- VideographyWP Plugin Message: Automatic video embedding prevented by plugin options. --><br \/>\nUna joven de 32 a\u00f1os denunci\u00f3 en la Dependencia Local, que cuando circulaba en su bicicleta por calle Col\u00f3n y Gomendio junto a su hija menor, es sorprendida por un malviviente que conduc\u00eda una motocicleta 110cc quien le sustrae en modalidad de arrebato, una bolsa que llevaba en el canasto de la misma que conten\u00eda documentaci\u00f3n personal y de automotor, entre otras.<\/p>\n","protected":false},"excerpt":{"rendered":"<p>Una joven de 32 a\u00f1os denunci\u00f3 en la Dependencia Local, que cuando circulaba en su bicicleta por calle Col\u00f3n y Gomendio junto a su hija menor, es sorprendida por un malviviente que conduc\u00eda una motocicleta 110cc quien le sustrae en modalidad de arrebato, una bolsa que llevaba en el canasto de la misma que conten\u00eda [&hellip;]<\/p>\n","protected":false},"author":4,"featured_media":16689,"comment_status":"open","ping_status":"closed","sticky":false,"template":"","format":"standard","meta":{"om_disable_all_campaigns":false,"_jetpack_memberships_contains_paid_content":false,"footnotes":""},"categories":[2,103],"tags":[],"class_list":["post-36140","post","type-post","status-publish","format-standard","has-post-thumbnail","hentry","category-locales","category-policiales-locales"],"aioseo_notices":[],"gutentor_comment":0,"jetpack_featured_media_url":"https:\/\/eldiariodesanpedro.com.ar\/sitio\/wp-content\/uploads\/2017\/03\/motochorro.jpg","jetpack_shortlink":"https:\/\/wp.me\/p6RhLt-9oU","jetpack_sharing_enabled":true,"_links":{"self":[{"href":"https:\/\/eldiariodesanpedro.com.ar\/sitio\/wp-json\/wp\/v2\/posts\/36140","targetHints":{"allow":["GET"]}}],"collection":[{"href":"https:\/\/eldiariodesanpedro.com.ar\/sitio\/wp-json\/wp\/v2\/posts"}],"about":[{"href":"https:\/\/eldiariodesanpedro.com.ar\/sitio\/wp-json\/wp\/v2\/types\/post"}],"author":[{"embeddable":true,"href":"https:\/\/eldiariodesanpedro.com.ar\/sitio\/wp-json\/wp\/v2\/users\/4"}],"replies":[{"embeddable":true,"href":"https:\/\/eldiariodesanpedro.com.ar\/sitio\/wp-json\/wp\/v2\/comments?post=36140"}],"version-history":[{"count":1,"href":"https:\/\/eldiariodesanpedro.com.ar\/sitio\/wp-json\/wp\/v2\/posts\/36140\/revisions"}],"predecessor-version":[{"id":36141,"href":"https:\/\/eldiariodesanpedro.com.ar\/sitio\/wp-json\/wp\/v2\/posts\/36140\/revisions\/36141"}],"wp:featuredmedia":[{"embeddable":true,"href":"https:\/\/eldiariodesanpedro.com.ar\/sitio\/wp-json\/wp\/v2\/media\/16689"}],"wp:attachment":[{"href":"https:\/\/eldiariodesanpedro.com.ar\/sitio\/wp-json\/wp\/v2\/media?parent=36140"}],"wp:term":[{"taxonomy":"category","embeddable":true,"href":"https:\/\/eldiariodesanpedro.com.ar\/sitio\/wp-json\/wp\/v2\/categories?post=36140"},{"taxonomy":"post_tag","embeddable":true,"href":"https:\/\/eldiariodesanpedro.com.ar\/sitio\/wp-json\/wp\/v2\/tags?post=36140"}],"curies":[{"name":"wp","href":"https:\/\/api.w.org\/{rel}","templated":true}]}}