{"id":3614,"date":"2016-04-24T17:14:39","date_gmt":"2016-04-24T20:14:39","guid":{"rendered":"https:\/\/eldiariodesanpedro.com.ar\/sitio\/?p=3614"},"modified":"2016-04-24T17:14:39","modified_gmt":"2016-04-24T20:14:39","slug":"dos-motos-robadas-fueron-recuperadas-en-la-via-publica","status":"publish","type":"post","link":"https:\/\/eldiariodesanpedro.com.ar\/sitio\/dos-motos-robadas-fueron-recuperadas-en-la-via-publica\/","title":{"rendered":"Dos motos robadas fueron recuperadas en la v\u00eda p\u00fablica"},"content":{"rendered":"<p><!-- VideographyWP Plugin Message: Automatic video embedding prevented by plugin options. --><\/p>\n<p>Una de ellas fue hallada por efectivos policiales el s\u00e1bado, cuando identificaron en la v\u00eda p\u00fablica a un joven menor de edad y a una mujer mayor, que se dirig\u00edan en una motocicleta 125 C. C. Tras la consulta a la red inform\u00e1tica de la polic\u00eda, se estableci\u00f3 que el rodado ten\u00eda un pedido de secuestro activo por hurto a requerimiento de la UFI N\u00ba 5 de San Pedro.<br \/>\nEn el segundo caso, muy similar, dos motociclistas de sexo femenino, menores de edad, iban en un rodado, un ciclomotor 110 C. C., por el cual tambi\u00e9n pesaba en contra un pedido de secuestro, en este caso solicitado por la Fiscal\u00eda N\u00ba 7.<br \/>\nPuesta en conocimiento, la instructora judicial de la UFI del Joven en turno aval\u00f3 lo actuado por los efectivos, dictamin\u00f3 los recaudos legales, y la posterior libertad y entrega a sus progenitores.<br \/>\nEn ambos casos, la car\u00e1tula fue: \u00abAprehensi\u00f3n por Hurto, Encubrimiento y Secuestro\u00bb.<\/p>\n","protected":false},"excerpt":{"rendered":"<p>Una de ellas fue hallada por efectivos policiales el s\u00e1bado, cuando identificaron en la v\u00eda p\u00fablica a un joven menor de edad y a una mujer mayor, que se dirig\u00edan en una motocicleta 125 C. C. Tras la consulta a la red inform\u00e1tica de la polic\u00eda, se estableci\u00f3 que el rodado ten\u00eda un pedido de [&hellip;]<\/p>\n","protected":false},"author":4,"featured_media":3470,"comment_status":"open","ping_status":"closed","sticky":false,"template":"","format":"standard","meta":{"om_disable_all_campaigns":false,"_jetpack_memberships_contains_paid_content":false,"footnotes":""},"categories":[2,103],"tags":[],"class_list":["post-3614","post","type-post","status-publish","format-standard","has-post-thumbnail","hentry","category-locales","category-policiales-locales"],"aioseo_notices":[],"gutentor_comment":0,"jetpack_featured_media_url":"https:\/\/eldiariodesanpedro.com.ar\/sitio\/wp-content\/uploads\/2016\/04\/PAGINA-5-10.jpg","jetpack_shortlink":"https:\/\/wp.me\/p6RhLt-Wi","jetpack_sharing_enabled":true,"_links":{"self":[{"href":"https:\/\/eldiariodesanpedro.com.ar\/sitio\/wp-json\/wp\/v2\/posts\/3614","targetHints":{"allow":["GET"]}}],"collection":[{"href":"https:\/\/eldiariodesanpedro.com.ar\/sitio\/wp-json\/wp\/v2\/posts"}],"about":[{"href":"https:\/\/eldiariodesanpedro.com.ar\/sitio\/wp-json\/wp\/v2\/types\/post"}],"author":[{"embeddable":true,"href":"https:\/\/eldiariodesanpedro.com.ar\/sitio\/wp-json\/wp\/v2\/users\/4"}],"replies":[{"embeddable":true,"href":"https:\/\/eldiariodesanpedro.com.ar\/sitio\/wp-json\/wp\/v2\/comments?post=3614"}],"version-history":[{"count":1,"href":"https:\/\/eldiariodesanpedro.com.ar\/sitio\/wp-json\/wp\/v2\/posts\/3614\/revisions"}],"predecessor-version":[{"id":3615,"href":"https:\/\/eldiariodesanpedro.com.ar\/sitio\/wp-json\/wp\/v2\/posts\/3614\/revisions\/3615"}],"wp:featuredmedia":[{"embeddable":true,"href":"https:\/\/eldiariodesanpedro.com.ar\/sitio\/wp-json\/wp\/v2\/media\/3470"}],"wp:attachment":[{"href":"https:\/\/eldiariodesanpedro.com.ar\/sitio\/wp-json\/wp\/v2\/media?parent=3614"}],"wp:term":[{"taxonomy":"category","embeddable":true,"href":"https:\/\/eldiariodesanpedro.com.ar\/sitio\/wp-json\/wp\/v2\/categories?post=3614"},{"taxonomy":"post_tag","embeddable":true,"href":"https:\/\/eldiariodesanpedro.com.ar\/sitio\/wp-json\/wp\/v2\/tags?post=3614"}],"curies":[{"name":"wp","href":"https:\/\/api.w.org\/{rel}","templated":true}]}}