{"id":36137,"date":"2018-07-10T08:42:06","date_gmt":"2018-07-10T11:42:06","guid":{"rendered":"https:\/\/eldiariodesanpedro.com.ar\/sitio\/?p=36137"},"modified":"2018-07-10T08:42:06","modified_gmt":"2018-07-10T11:42:06","slug":"un-oficial-de-policia-arrecifeno-muere-en-accidente-sobre-ruta-191","status":"publish","type":"post","link":"https:\/\/eldiariodesanpedro.com.ar\/sitio\/un-oficial-de-policia-arrecifeno-muere-en-accidente-sobre-ruta-191\/","title":{"rendered":"Un Oficial de Polic\u00eda arrecife\u00f1o muere en accidente  sobre Ruta 191"},"content":{"rendered":"<p><!-- VideographyWP Plugin Message: Automatic video embedding prevented by plugin options. --><br \/>\nEl lunes por la tarde,  personal del Destacamento de Santa Lucia toma conocimiento de que se hab\u00eda producido un accidente de tr\u00e1nsito sobre Ruta 191 Km 28.500, de un despiste y vuelco de un autom\u00f3vil, y se certifica el fallecimiento de quien conduc\u00eda el veh\u00edculo.<\/p>\n<p>El fallecido se trata de un oficial de polic\u00eda de nombre Lamperti Ezequiel Jose, numerario en la Estaci\u00f3n Policial Comunal de Baradero, quien se dirig\u00eda uniformado al servicio ordinario, desde Arrecifes donde era oriundo a esa Dependencia.<\/p>\n<p>La victima conduc\u00eda su  autom\u00f3vil marca Volkswagen modelo Gol, en el lugar indicado y por causas que se tratase de  establecer, despista colisionando contra alcantarilla de material, ubicada sobre la derecha de la cinta asf\u00e1ltica, como ingreso de estancia, para luego volcar en banquina, saliendo despedido del habit\u00e1culo.<br \/>\nToma intervenci\u00f3n UFI N\u00ba11 de la Dr Ramos <\/p>\n","protected":false},"excerpt":{"rendered":"<p>El lunes por la tarde, personal del Destacamento de Santa Lucia toma conocimiento de que se hab\u00eda producido un accidente de tr\u00e1nsito sobre Ruta 191 Km 28.500, de un despiste y vuelco de un autom\u00f3vil, y se certifica el fallecimiento de quien conduc\u00eda el veh\u00edculo. El fallecido se trata de un oficial de polic\u00eda de [&hellip;]<\/p>\n","protected":false},"author":4,"featured_media":36138,"comment_status":"open","ping_status":"closed","sticky":false,"template":"","format":"standard","meta":{"om_disable_all_campaigns":false,"_jetpack_memberships_contains_paid_content":false,"footnotes":""},"categories":[50,2,103],"tags":[],"class_list":["post-36137","post","type-post","status-publish","format-standard","has-post-thumbnail","hentry","category-destacadas","category-locales","category-policiales-locales"],"aioseo_notices":[],"gutentor_comment":0,"jetpack_featured_media_url":"https:\/\/eldiariodesanpedro.com.ar\/sitio\/wp-content\/uploads\/2018\/07\/accidente-policia-muerto.jpg","jetpack_shortlink":"https:\/\/wp.me\/p6RhLt-9oR","jetpack_sharing_enabled":true,"_links":{"self":[{"href":"https:\/\/eldiariodesanpedro.com.ar\/sitio\/wp-json\/wp\/v2\/posts\/36137","targetHints":{"allow":["GET"]}}],"collection":[{"href":"https:\/\/eldiariodesanpedro.com.ar\/sitio\/wp-json\/wp\/v2\/posts"}],"about":[{"href":"https:\/\/eldiariodesanpedro.com.ar\/sitio\/wp-json\/wp\/v2\/types\/post"}],"author":[{"embeddable":true,"href":"https:\/\/eldiariodesanpedro.com.ar\/sitio\/wp-json\/wp\/v2\/users\/4"}],"replies":[{"embeddable":true,"href":"https:\/\/eldiariodesanpedro.com.ar\/sitio\/wp-json\/wp\/v2\/comments?post=36137"}],"version-history":[{"count":1,"href":"https:\/\/eldiariodesanpedro.com.ar\/sitio\/wp-json\/wp\/v2\/posts\/36137\/revisions"}],"predecessor-version":[{"id":36139,"href":"https:\/\/eldiariodesanpedro.com.ar\/sitio\/wp-json\/wp\/v2\/posts\/36137\/revisions\/36139"}],"wp:featuredmedia":[{"embeddable":true,"href":"https:\/\/eldiariodesanpedro.com.ar\/sitio\/wp-json\/wp\/v2\/media\/36138"}],"wp:attachment":[{"href":"https:\/\/eldiariodesanpedro.com.ar\/sitio\/wp-json\/wp\/v2\/media?parent=36137"}],"wp:term":[{"taxonomy":"category","embeddable":true,"href":"https:\/\/eldiariodesanpedro.com.ar\/sitio\/wp-json\/wp\/v2\/categories?post=36137"},{"taxonomy":"post_tag","embeddable":true,"href":"https:\/\/eldiariodesanpedro.com.ar\/sitio\/wp-json\/wp\/v2\/tags?post=36137"}],"curies":[{"name":"wp","href":"https:\/\/api.w.org\/{rel}","templated":true}]}}