{"id":36123,"date":"2018-07-09T20:51:39","date_gmt":"2018-07-09T23:51:39","guid":{"rendered":"https:\/\/eldiariodesanpedro.com.ar\/sitio\/?p=36123"},"modified":"2026-01-24T00:13:19","modified_gmt":"2026-01-24T03:13:19","slug":"pesca-gabriel-cejas-se-quedo-con-la-cuarta-fecha-del-certamen-de-pesca","status":"publish","type":"post","link":"https:\/\/eldiariodesanpedro.com.ar\/sitio\/pesca-gabriel-cejas-se-quedo-con-la-cuarta-fecha-del-certamen-de-pesca\/","title":{"rendered":"PESCA: Gabriel Cejas se qued\u00f3 con la cuarta fecha del certamen de Pesca"},"content":{"rendered":"<p><!-- VideographyWP Plugin Message: Automatic video embedding prevented by plugin options. --><br \/>\nEl pescador deportivo del Club Pescadores gan\u00f3 y lidera con comodidad el ranking local tras cuatro fechas disputadas. Organizado por la Sub Comisi\u00f3n de Pesca del Club Pescadores y N\u00e1utica de San Pedro en la d\u00e1rsena del club de la \u201ccosta\u201d y ante una regular cantidad de pescadores, quienes le hicieron frente al fr\u00edo y al poco pique, otra vez Gabriel Cejas fue el ganador en la general, segundo qued\u00f3 Fernando Biglia y tercero Leo Puig. En la categor\u00eda \u201cMaestros\u201d fue primero Ra\u00fal Valdez y segundo Juan Coixet. En infantiles Nazareno Olmedo, Lucio Barros y Juan Barbieri en los tres primeros lugares.<\/p>\n","protected":false},"excerpt":{"rendered":"<p>El pescador deportivo del Club Pescadores gan\u00f3 y lidera con comodidad el ranking local tras cuatro fechas disputadas. Organizado por la Sub Comisi\u00f3n de Pesca del Club Pescadores y N\u00e1utica de San Pedro en la d\u00e1rsena del club de la \u201ccosta\u201d y ante una regular cantidad de pescadores, quienes le hicieron frente al fr\u00edo y [&hellip;]<\/p>\n","protected":false},"author":4,"featured_media":36125,"comment_status":"open","ping_status":"closed","sticky":false,"template":"","format":"standard","meta":{"om_disable_all_campaigns":false,"_jetpack_memberships_contains_paid_content":false,"footnotes":""},"categories":[5],"tags":[],"class_list":["post-36123","post","type-post","status-publish","format-standard","has-post-thumbnail","hentry","category-deportes"],"aioseo_notices":[],"gutentor_comment":0,"jetpack_featured_media_url":"https:\/\/eldiariodesanpedro.com.ar\/sitio\/wp-content\/uploads\/2018\/07\/Mucho-fr\u00edo-pero-los-pescadores-dijeron-presente.jpg","jetpack_shortlink":"https:\/\/wp.me\/p6RhLt-9oD","jetpack_sharing_enabled":true,"_links":{"self":[{"href":"https:\/\/eldiariodesanpedro.com.ar\/sitio\/wp-json\/wp\/v2\/posts\/36123","targetHints":{"allow":["GET"]}}],"collection":[{"href":"https:\/\/eldiariodesanpedro.com.ar\/sitio\/wp-json\/wp\/v2\/posts"}],"about":[{"href":"https:\/\/eldiariodesanpedro.com.ar\/sitio\/wp-json\/wp\/v2\/types\/post"}],"author":[{"embeddable":true,"href":"https:\/\/eldiariodesanpedro.com.ar\/sitio\/wp-json\/wp\/v2\/users\/4"}],"replies":[{"embeddable":true,"href":"https:\/\/eldiariodesanpedro.com.ar\/sitio\/wp-json\/wp\/v2\/comments?post=36123"}],"version-history":[{"count":2,"href":"https:\/\/eldiariodesanpedro.com.ar\/sitio\/wp-json\/wp\/v2\/posts\/36123\/revisions"}],"predecessor-version":[{"id":36130,"href":"https:\/\/eldiariodesanpedro.com.ar\/sitio\/wp-json\/wp\/v2\/posts\/36123\/revisions\/36130"}],"wp:featuredmedia":[{"embeddable":true,"href":"https:\/\/eldiariodesanpedro.com.ar\/sitio\/wp-json\/wp\/v2\/media\/36125"}],"wp:attachment":[{"href":"https:\/\/eldiariodesanpedro.com.ar\/sitio\/wp-json\/wp\/v2\/media?parent=36123"}],"wp:term":[{"taxonomy":"category","embeddable":true,"href":"https:\/\/eldiariodesanpedro.com.ar\/sitio\/wp-json\/wp\/v2\/categories?post=36123"},{"taxonomy":"post_tag","embeddable":true,"href":"https:\/\/eldiariodesanpedro.com.ar\/sitio\/wp-json\/wp\/v2\/tags?post=36123"}],"curies":[{"name":"wp","href":"https:\/\/api.w.org\/{rel}","templated":true}]}}