{"id":36120,"date":"2018-07-09T20:37:44","date_gmt":"2018-07-09T23:37:44","guid":{"rendered":"https:\/\/eldiariodesanpedro.com.ar\/sitio\/?p=36120"},"modified":"2018-07-09T20:37:44","modified_gmt":"2018-07-09T23:37:44","slug":"san-nicolas-patrullero-choco-contra-un-arbol","status":"publish","type":"post","link":"https:\/\/eldiariodesanpedro.com.ar\/sitio\/san-nicolas-patrullero-choco-contra-un-arbol\/","title":{"rendered":"SAN NICOL\u00c1S: Patrullero choc\u00f3 contra un \u00e1rbol"},"content":{"rendered":"<p><!-- VideographyWP Plugin Message: Automatic video embedding prevented by plugin options. --><br \/>\nEste s\u00e1bado a la madrugada, por causas que se deben esclarecer, por calle Rivadavia, entre Echag\u00fce y Ponce de Le\u00f3n, el conductor de un m\u00f3vil de la Polic\u00eda Local habr\u00eda perdido el control del rodado, impactando de frente contra un \u00e1rbol situado sobre la vereda de un domicilio de esa arteria.<\/p>\n<p>Los efectivos, un hombre y una mujer, sufrieron politraumatismos y fueron trasladados al  hospital. La efectivo result\u00f3 con importantes heridas en sus manos.<\/p>\n<p>Personal de polic\u00eda cient\u00edfica estuvo trabajando en el lugar con el fin de establecer las causas del siniestro.<\/p>\n<p>Fuente: Diario El Norte<\/p>\n","protected":false},"excerpt":{"rendered":"<p>Este s\u00e1bado a la madrugada, por causas que se deben esclarecer, por calle Rivadavia, entre Echag\u00fce y Ponce de Le\u00f3n, el conductor de un m\u00f3vil de la Polic\u00eda Local habr\u00eda perdido el control del rodado, impactando de frente contra un \u00e1rbol situado sobre la vereda de un domicilio de esa arteria. Los efectivos, un hombre [&hellip;]<\/p>\n","protected":false},"author":4,"featured_media":36121,"comment_status":"open","ping_status":"closed","sticky":false,"template":"","format":"standard","meta":{"om_disable_all_campaigns":false,"_jetpack_memberships_contains_paid_content":false,"footnotes":""},"categories":[2,103],"tags":[],"class_list":["post-36120","post","type-post","status-publish","format-standard","has-post-thumbnail","hentry","category-locales","category-policiales-locales"],"aioseo_notices":[],"gutentor_comment":0,"jetpack_featured_media_url":"https:\/\/eldiariodesanpedro.com.ar\/sitio\/wp-content\/uploads\/2018\/07\/elnorte5b422a89da3c6_9-fotonoticia-3x10.jpg","jetpack_shortlink":"https:\/\/wp.me\/p6RhLt-9oA","jetpack_sharing_enabled":true,"_links":{"self":[{"href":"https:\/\/eldiariodesanpedro.com.ar\/sitio\/wp-json\/wp\/v2\/posts\/36120","targetHints":{"allow":["GET"]}}],"collection":[{"href":"https:\/\/eldiariodesanpedro.com.ar\/sitio\/wp-json\/wp\/v2\/posts"}],"about":[{"href":"https:\/\/eldiariodesanpedro.com.ar\/sitio\/wp-json\/wp\/v2\/types\/post"}],"author":[{"embeddable":true,"href":"https:\/\/eldiariodesanpedro.com.ar\/sitio\/wp-json\/wp\/v2\/users\/4"}],"replies":[{"embeddable":true,"href":"https:\/\/eldiariodesanpedro.com.ar\/sitio\/wp-json\/wp\/v2\/comments?post=36120"}],"version-history":[{"count":1,"href":"https:\/\/eldiariodesanpedro.com.ar\/sitio\/wp-json\/wp\/v2\/posts\/36120\/revisions"}],"predecessor-version":[{"id":36122,"href":"https:\/\/eldiariodesanpedro.com.ar\/sitio\/wp-json\/wp\/v2\/posts\/36120\/revisions\/36122"}],"wp:featuredmedia":[{"embeddable":true,"href":"https:\/\/eldiariodesanpedro.com.ar\/sitio\/wp-json\/wp\/v2\/media\/36121"}],"wp:attachment":[{"href":"https:\/\/eldiariodesanpedro.com.ar\/sitio\/wp-json\/wp\/v2\/media?parent=36120"}],"wp:term":[{"taxonomy":"category","embeddable":true,"href":"https:\/\/eldiariodesanpedro.com.ar\/sitio\/wp-json\/wp\/v2\/categories?post=36120"},{"taxonomy":"post_tag","embeddable":true,"href":"https:\/\/eldiariodesanpedro.com.ar\/sitio\/wp-json\/wp\/v2\/tags?post=36120"}],"curies":[{"name":"wp","href":"https:\/\/api.w.org\/{rel}","templated":true}]}}