{"id":36113,"date":"2018-07-09T20:31:07","date_gmt":"2018-07-09T23:31:07","guid":{"rendered":"https:\/\/eldiariodesanpedro.com.ar\/sitio\/?p=36113"},"modified":"2018-07-09T20:31:07","modified_gmt":"2018-07-09T23:31:07","slug":"campana-operativos-conjuntos-de-la-ddi-zarate-campana-contra-la-venta-y-el-consumo-de-drogas","status":"publish","type":"post","link":"https:\/\/eldiariodesanpedro.com.ar\/sitio\/campana-operativos-conjuntos-de-la-ddi-zarate-campana-contra-la-venta-y-el-consumo-de-drogas\/","title":{"rendered":"CAMPANA: Operativos conjuntos de la DDI Z\u00e1rate \u2013 Campana contra la venta y el consumo de drogas"},"content":{"rendered":"<p><!-- VideographyWP Plugin Message: Automatic video embedding prevented by plugin options. --><br \/>\nDetectives de la Direcci\u00f3n Departamental de Investigaciones (DDI) Z\u00e1rate \u2013 Campana, conjuntamente con efectivos de Narcocriminalidad, Comisar\u00eda Campana y Jefatura Departamental, realizaron diversos operativos preventivos en esa Ciudad, en la lucha contra la venta y el consumo de drogas.<\/p>\n<p>Los procedimientos fueron sorpresivos y tuvieron el aporte del Centro de Monitoreo de la Secretaria de Seguridad de la Municipalidad campanense. Los objetivos fueron focalizados en puntos que hab\u00edan sido estudiados previamente y donde se advert\u00edan reuniones de personas en plazas y lugares de esparcimiento p\u00fablicos,  adem\u00e1s de vecindarios donde se registraban denuncias de venta de estupefacientes.<\/p>\n<p>De esta manera se registr\u00f3 la detenci\u00f3n de un sujeto en El Destino, dos en plena zona c\u00e9ntrica, un cuarto en barrio Del Pino y otro m\u00e1s en San Cayetano. Entre los aprehendidos, hay un menor de edad al que se le secuestraron varias dosis de marihuana.<\/p>\n","protected":false},"excerpt":{"rendered":"<p>Detectives de la Direcci\u00f3n Departamental de Investigaciones (DDI) Z\u00e1rate \u2013 Campana, conjuntamente con efectivos de Narcocriminalidad, Comisar\u00eda Campana y Jefatura Departamental, realizaron diversos operativos preventivos en esa Ciudad, en la lucha contra la venta y el consumo de drogas. Los procedimientos fueron sorpresivos y tuvieron el aporte del Centro de Monitoreo de la Secretaria de [&hellip;]<\/p>\n","protected":false},"author":4,"featured_media":36114,"comment_status":"open","ping_status":"closed","sticky":false,"template":"","format":"standard","meta":{"om_disable_all_campaigns":false,"_jetpack_memberships_contains_paid_content":false,"footnotes":""},"categories":[2,103],"tags":[],"class_list":["post-36113","post","type-post","status-publish","format-standard","has-post-thumbnail","hentry","category-locales","category-policiales-locales"],"aioseo_notices":[],"gutentor_comment":0,"jetpack_featured_media_url":"https:\/\/eldiariodesanpedro.com.ar\/sitio\/wp-content\/uploads\/2018\/07\/PAGINA-6-TRES.jpg","jetpack_shortlink":"https:\/\/wp.me\/p6RhLt-9ot","jetpack_sharing_enabled":true,"_links":{"self":[{"href":"https:\/\/eldiariodesanpedro.com.ar\/sitio\/wp-json\/wp\/v2\/posts\/36113","targetHints":{"allow":["GET"]}}],"collection":[{"href":"https:\/\/eldiariodesanpedro.com.ar\/sitio\/wp-json\/wp\/v2\/posts"}],"about":[{"href":"https:\/\/eldiariodesanpedro.com.ar\/sitio\/wp-json\/wp\/v2\/types\/post"}],"author":[{"embeddable":true,"href":"https:\/\/eldiariodesanpedro.com.ar\/sitio\/wp-json\/wp\/v2\/users\/4"}],"replies":[{"embeddable":true,"href":"https:\/\/eldiariodesanpedro.com.ar\/sitio\/wp-json\/wp\/v2\/comments?post=36113"}],"version-history":[{"count":1,"href":"https:\/\/eldiariodesanpedro.com.ar\/sitio\/wp-json\/wp\/v2\/posts\/36113\/revisions"}],"predecessor-version":[{"id":36115,"href":"https:\/\/eldiariodesanpedro.com.ar\/sitio\/wp-json\/wp\/v2\/posts\/36113\/revisions\/36115"}],"wp:featuredmedia":[{"embeddable":true,"href":"https:\/\/eldiariodesanpedro.com.ar\/sitio\/wp-json\/wp\/v2\/media\/36114"}],"wp:attachment":[{"href":"https:\/\/eldiariodesanpedro.com.ar\/sitio\/wp-json\/wp\/v2\/media?parent=36113"}],"wp:term":[{"taxonomy":"category","embeddable":true,"href":"https:\/\/eldiariodesanpedro.com.ar\/sitio\/wp-json\/wp\/v2\/categories?post=36113"},{"taxonomy":"post_tag","embeddable":true,"href":"https:\/\/eldiariodesanpedro.com.ar\/sitio\/wp-json\/wp\/v2\/tags?post=36113"}],"curies":[{"name":"wp","href":"https:\/\/api.w.org\/{rel}","templated":true}]}}