{"id":36110,"date":"2018-07-09T20:27:49","date_gmt":"2018-07-09T23:27:49","guid":{"rendered":"https:\/\/eldiariodesanpedro.com.ar\/sitio\/?p=36110"},"modified":"2018-07-09T20:27:49","modified_gmt":"2018-07-09T23:27:49","slug":"baradero-encontraron-sin-vida-al-ciudadano-desaparecido-de-la-vecina-localidad","status":"publish","type":"post","link":"https:\/\/eldiariodesanpedro.com.ar\/sitio\/baradero-encontraron-sin-vida-al-ciudadano-desaparecido-de-la-vecina-localidad\/","title":{"rendered":"BARADERO: Encontraron sin vida al ciudadano desaparecido de la vecina localidad"},"content":{"rendered":"<p><!-- VideographyWP Plugin Message: Automatic video embedding prevented by plugin options. --><br \/>\nLa Brigada de Rescate K 9 Campana fue convocada este viernes pasado, para participar de la b\u00fasqueda de un vecino de la localidad de Baradero que estaba desaparecido de su domicilio desde el 30 de junio.<\/p>\n<p>El mi\u00e9rcoles 4 de julio la Polic\u00eda de Baradero solicit\u00f3 colaboraci\u00f3n para la b\u00fasqueda del paradero de Casimiro Domingo Nu\u00f1ez  de 56 a\u00f1os de edad, que desde el 30 de junio faltaba de su domicilio.<\/p>\n<p>El vecino, seg\u00fan los testimonios, ten\u00eda problemas con el alcohol, padec\u00eda un retraso madurativo y sufr\u00eda ataques de epilepsia. El viernes 7 el equipo campanense, encabezado por su referente, Francisco Gerber, arrib\u00f3 al lugar con los canes Jana y Sult\u00e1n, desde el Cuartel de Bomberos de Lima lo hizo Otto, para comenzar de inmediato las tareas de rastreo por campos y senderos donde se sospechaba que pod\u00eda haber atravesado Nu\u00f1ez.<\/p>\n<p>En horas de la tarde, lamentablemente, fue encontrado el cuerpo del vecino, as\u00ed lo relataba para los colegas de Baradero Te Informa, el Comisario Diego Mart\u00ednez, \u201cComo resultado de la b\u00fasqueda que se realiz\u00f3 en la jornada de hoy, se procedi\u00f3 al hallazgo del causante Casimiro Nu\u00f1ez a 19 km de Baradero por Ruta 41 y a 700 metros en direcci\u00f3n norte, en un peque\u00f1o cauce de agua. Se encontraba desnudo y el cuerpo semi sumergido\u201d. El sector corresponde al mismo predio rural en el que la v\u00edctima realizaba tareas rurales.Trabajaron personal de Polic\u00eda Federal, Divisi\u00f3n Criminal\u00edstica, m\u00e9dicos forenses, Fiscal de turno, personal de Comisaria local y se hab\u00eda sumado un drone de Defensa Civil de Provincia.<br \/>\nFuente: Enlace Critico<\/p>\n","protected":false},"excerpt":{"rendered":"<p>La Brigada de Rescate K 9 Campana fue convocada este viernes pasado, para participar de la b\u00fasqueda de un vecino de la localidad de Baradero que estaba desaparecido de su domicilio desde el 30 de junio. El mi\u00e9rcoles 4 de julio la Polic\u00eda de Baradero solicit\u00f3 colaboraci\u00f3n para la b\u00fasqueda del paradero de Casimiro Domingo [&hellip;]<\/p>\n","protected":false},"author":4,"featured_media":36111,"comment_status":"open","ping_status":"closed","sticky":false,"template":"","format":"standard","meta":{"om_disable_all_campaigns":false,"_jetpack_memberships_contains_paid_content":false,"footnotes":""},"categories":[2,103],"tags":[],"class_list":["post-36110","post","type-post","status-publish","format-standard","has-post-thumbnail","hentry","category-locales","category-policiales-locales"],"aioseo_notices":[],"gutentor_comment":0,"jetpack_featured_media_url":"https:\/\/eldiariodesanpedro.com.ar\/sitio\/wp-content\/uploads\/2018\/07\/PAGINA-6-DOS.jpg","jetpack_shortlink":"https:\/\/wp.me\/p6RhLt-9oq","jetpack_sharing_enabled":true,"_links":{"self":[{"href":"https:\/\/eldiariodesanpedro.com.ar\/sitio\/wp-json\/wp\/v2\/posts\/36110","targetHints":{"allow":["GET"]}}],"collection":[{"href":"https:\/\/eldiariodesanpedro.com.ar\/sitio\/wp-json\/wp\/v2\/posts"}],"about":[{"href":"https:\/\/eldiariodesanpedro.com.ar\/sitio\/wp-json\/wp\/v2\/types\/post"}],"author":[{"embeddable":true,"href":"https:\/\/eldiariodesanpedro.com.ar\/sitio\/wp-json\/wp\/v2\/users\/4"}],"replies":[{"embeddable":true,"href":"https:\/\/eldiariodesanpedro.com.ar\/sitio\/wp-json\/wp\/v2\/comments?post=36110"}],"version-history":[{"count":1,"href":"https:\/\/eldiariodesanpedro.com.ar\/sitio\/wp-json\/wp\/v2\/posts\/36110\/revisions"}],"predecessor-version":[{"id":36112,"href":"https:\/\/eldiariodesanpedro.com.ar\/sitio\/wp-json\/wp\/v2\/posts\/36110\/revisions\/36112"}],"wp:featuredmedia":[{"embeddable":true,"href":"https:\/\/eldiariodesanpedro.com.ar\/sitio\/wp-json\/wp\/v2\/media\/36111"}],"wp:attachment":[{"href":"https:\/\/eldiariodesanpedro.com.ar\/sitio\/wp-json\/wp\/v2\/media?parent=36110"}],"wp:term":[{"taxonomy":"category","embeddable":true,"href":"https:\/\/eldiariodesanpedro.com.ar\/sitio\/wp-json\/wp\/v2\/categories?post=36110"},{"taxonomy":"post_tag","embeddable":true,"href":"https:\/\/eldiariodesanpedro.com.ar\/sitio\/wp-json\/wp\/v2\/tags?post=36110"}],"curies":[{"name":"wp","href":"https:\/\/api.w.org\/{rel}","templated":true}]}}