{"id":3611,"date":"2016-04-24T17:13:47","date_gmt":"2016-04-24T20:13:47","guid":{"rendered":"https:\/\/eldiariodesanpedro.com.ar\/sitio\/?p=3611"},"modified":"2016-04-24T17:13:47","modified_gmt":"2016-04-24T20:13:47","slug":"clausuraron-un-bar-sancionaron-a-tres-conductores-alcoholizados-y-secuestraron-tres-motos","status":"publish","type":"post","link":"https:\/\/eldiariodesanpedro.com.ar\/sitio\/clausuraron-un-bar-sancionaron-a-tres-conductores-alcoholizados-y-secuestraron-tres-motos\/","title":{"rendered":"Clausuraron un bar, sancionaron a tres conductores alcoholizados y secuestraron tres motos"},"content":{"rendered":"<p><!-- VideographyWP Plugin Message: Automatic video embedding prevented by plugin options. --><br \/>\nEste fin de semana se llev\u00f3 a cabo el control en HH, ubicado en calle 25 de Mayo casi G\u00fcemes, donde se pudo establecer que se super\u00f3 el factor ocupacional otorgado por la Delegaci\u00f3n de Cuerpo de Bomberos de San Nicol\u00e1s. Se trata de un m\u00e1ximo de 150 personas, hall\u00e1ndose excedidos en 400 personas. Asimismo, se advirti\u00f3 que el comercio est\u00e1 habilitado como bar, aunque existe en su interior una pista bailable donde se hallaba la mayor parte de la concurrencia, sin mesas ni sillas.<br \/>\nFinalizada la diligencia, se procedi\u00f3 a la clausura provisoria del establecimiento, labr\u00e1ndose actuaciones contravencionales con intervenci\u00f3n del Sr. Juez de Paz letrado de San Pedro.<br \/>\nPor otro lado, se llevaron a cabo en la zona c\u00e9ntrica de la ciudad controles de alcoholemia a conductores, en forma conjunta con inspecci\u00f3n municipal. En este caso, hubo tres resultados positivos. En tanto que, en el operativo de interceptaci\u00f3n vehicular, se secuestraron tres motocicletas tras constat\u00e1rsele faltas municipales.<\/p>\n","protected":false},"excerpt":{"rendered":"<p>Este fin de semana se llev\u00f3 a cabo el control en HH, ubicado en calle 25 de Mayo casi G\u00fcemes, donde se pudo establecer que se super\u00f3 el factor ocupacional otorgado por la Delegaci\u00f3n de Cuerpo de Bomberos de San Nicol\u00e1s. Se trata de un m\u00e1ximo de 150 personas, hall\u00e1ndose excedidos en 400 personas. Asimismo, [&hellip;]<\/p>\n","protected":false},"author":4,"featured_media":3612,"comment_status":"open","ping_status":"closed","sticky":false,"template":"","format":"standard","meta":{"om_disable_all_campaigns":false,"_jetpack_memberships_contains_paid_content":false,"footnotes":""},"categories":[50,2,103],"tags":[],"class_list":["post-3611","post","type-post","status-publish","format-standard","has-post-thumbnail","hentry","category-destacadas","category-locales","category-policiales-locales"],"aioseo_notices":[],"gutentor_comment":0,"jetpack_featured_media_url":"https:\/\/eldiariodesanpedro.com.ar\/sitio\/wp-content\/uploads\/2016\/04\/PAGINA-5-14.jpg","jetpack_shortlink":"https:\/\/wp.me\/p6RhLt-Wf","jetpack_sharing_enabled":true,"_links":{"self":[{"href":"https:\/\/eldiariodesanpedro.com.ar\/sitio\/wp-json\/wp\/v2\/posts\/3611","targetHints":{"allow":["GET"]}}],"collection":[{"href":"https:\/\/eldiariodesanpedro.com.ar\/sitio\/wp-json\/wp\/v2\/posts"}],"about":[{"href":"https:\/\/eldiariodesanpedro.com.ar\/sitio\/wp-json\/wp\/v2\/types\/post"}],"author":[{"embeddable":true,"href":"https:\/\/eldiariodesanpedro.com.ar\/sitio\/wp-json\/wp\/v2\/users\/4"}],"replies":[{"embeddable":true,"href":"https:\/\/eldiariodesanpedro.com.ar\/sitio\/wp-json\/wp\/v2\/comments?post=3611"}],"version-history":[{"count":1,"href":"https:\/\/eldiariodesanpedro.com.ar\/sitio\/wp-json\/wp\/v2\/posts\/3611\/revisions"}],"predecessor-version":[{"id":3613,"href":"https:\/\/eldiariodesanpedro.com.ar\/sitio\/wp-json\/wp\/v2\/posts\/3611\/revisions\/3613"}],"wp:featuredmedia":[{"embeddable":true,"href":"https:\/\/eldiariodesanpedro.com.ar\/sitio\/wp-json\/wp\/v2\/media\/3612"}],"wp:attachment":[{"href":"https:\/\/eldiariodesanpedro.com.ar\/sitio\/wp-json\/wp\/v2\/media?parent=3611"}],"wp:term":[{"taxonomy":"category","embeddable":true,"href":"https:\/\/eldiariodesanpedro.com.ar\/sitio\/wp-json\/wp\/v2\/categories?post=3611"},{"taxonomy":"post_tag","embeddable":true,"href":"https:\/\/eldiariodesanpedro.com.ar\/sitio\/wp-json\/wp\/v2\/tags?post=3611"}],"curies":[{"name":"wp","href":"https:\/\/api.w.org\/{rel}","templated":true}]}}