{"id":36107,"date":"2018-07-09T20:25:40","date_gmt":"2018-07-09T23:25:40","guid":{"rendered":"https:\/\/eldiariodesanpedro.com.ar\/sitio\/?p=36107"},"modified":"2018-07-09T20:25:40","modified_gmt":"2018-07-09T23:25:40","slug":"zarate-lima-se-movilizara-reclamando-por-su-autonomia","status":"publish","type":"post","link":"https:\/\/eldiariodesanpedro.com.ar\/sitio\/zarate-lima-se-movilizara-reclamando-por-su-autonomia\/","title":{"rendered":"ZARATE: Lima se movilizar\u00e1 reclamando por su Autonom\u00eda"},"content":{"rendered":"<p><!-- VideographyWP Plugin Message: Automatic video embedding prevented by plugin options. --><br \/>\nLa Asociaci\u00f3n para la Autonom\u00eda de Lima (APAL) inform\u00f3 que el pr\u00f3ximo lunes feriado realizar\u00e1n una importante movilizaci\u00f3n a Ruta Panamericana para continuar reclamando por la autonom\u00eda de la localidad.<\/p>\n<p>El punto de encuentro ser\u00e1 en la puerta de la Delegaci\u00f3n a las 15:00 hs. y luego marchar\u00e1n hacia Panamericana, donde estiman que permanecer\u00e1n unas tres horas repartiendo volantes.<\/p>\n<p>\u201cRealizaremos una jornada de concientizaci\u00f3n al igual que lo hicimos en los a\u00f1os 2012 y 2013. No habr\u00e1 corte total de ruta sino un solo carril. Repartiremos folletos con nuestro reclamo con los motivos que tenemos y todo el trabajo que desarrollamos en los \u00faltimos a\u00f1os\u201d, adelantaron desde APAL.<\/p>\n<p>\u201cTodos los barrios lime\u00f1os formar\u00e1n parte de esta movilizaci\u00f3n y colocar\u00e1n sus banderas al costado de la ruta, en el puente y vamos a hacernos o\u00edr, dado que nuestro objetivo es que se conozca nuestro reclamo de autonom\u00eda y que la gobernadora Vidal nos brinde una audiencia, ya que le hemos pedido tres y nunca nos dio una respuesta\u201d, remarcaron.<\/p>\n<p>Adem\u00e1s tambi\u00e9n pedir\u00e1n que la C\u00e1mara de Diputados trate el tema de los nuevos municipios bonaerenses.<\/p>\n<p>\u201cLa movilizaci\u00f3n del lunes ser\u00e1 el punto de partida de un plan de lucha que hemos acordado en funci\u00f3n de la falta de respuestas del gobierno provincial a nuestros reclamos. Queremos que todos los que transiten por la ruta sepan que queremos conformarnos como nuevo partido bonaerense\u201d, concluyeron.<\/p>\n<p>Fuente: Enlace Critico<\/p>\n","protected":false},"excerpt":{"rendered":"<p>La Asociaci\u00f3n para la Autonom\u00eda de Lima (APAL) inform\u00f3 que el pr\u00f3ximo lunes feriado realizar\u00e1n una importante movilizaci\u00f3n a Ruta Panamericana para continuar reclamando por la autonom\u00eda de la localidad. El punto de encuentro ser\u00e1 en la puerta de la Delegaci\u00f3n a las 15:00 hs. y luego marchar\u00e1n hacia Panamericana, donde estiman que permanecer\u00e1n unas [&hellip;]<\/p>\n","protected":false},"author":4,"featured_media":36108,"comment_status":"open","ping_status":"closed","sticky":false,"template":"","format":"standard","meta":{"om_disable_all_campaigns":false,"_jetpack_memberships_contains_paid_content":false,"footnotes":""},"categories":[621],"tags":[],"class_list":["post-36107","post","type-post","status-publish","format-standard","has-post-thumbnail","hentry","category-regionales"],"aioseo_notices":[],"gutentor_comment":0,"jetpack_featured_media_url":"https:\/\/eldiariodesanpedro.com.ar\/sitio\/wp-content\/uploads\/2018\/07\/PAGINA-6-UNO.jpg","jetpack_shortlink":"https:\/\/wp.me\/p6RhLt-9on","jetpack_sharing_enabled":true,"_links":{"self":[{"href":"https:\/\/eldiariodesanpedro.com.ar\/sitio\/wp-json\/wp\/v2\/posts\/36107","targetHints":{"allow":["GET"]}}],"collection":[{"href":"https:\/\/eldiariodesanpedro.com.ar\/sitio\/wp-json\/wp\/v2\/posts"}],"about":[{"href":"https:\/\/eldiariodesanpedro.com.ar\/sitio\/wp-json\/wp\/v2\/types\/post"}],"author":[{"embeddable":true,"href":"https:\/\/eldiariodesanpedro.com.ar\/sitio\/wp-json\/wp\/v2\/users\/4"}],"replies":[{"embeddable":true,"href":"https:\/\/eldiariodesanpedro.com.ar\/sitio\/wp-json\/wp\/v2\/comments?post=36107"}],"version-history":[{"count":1,"href":"https:\/\/eldiariodesanpedro.com.ar\/sitio\/wp-json\/wp\/v2\/posts\/36107\/revisions"}],"predecessor-version":[{"id":36109,"href":"https:\/\/eldiariodesanpedro.com.ar\/sitio\/wp-json\/wp\/v2\/posts\/36107\/revisions\/36109"}],"wp:featuredmedia":[{"embeddable":true,"href":"https:\/\/eldiariodesanpedro.com.ar\/sitio\/wp-json\/wp\/v2\/media\/36108"}],"wp:attachment":[{"href":"https:\/\/eldiariodesanpedro.com.ar\/sitio\/wp-json\/wp\/v2\/media?parent=36107"}],"wp:term":[{"taxonomy":"category","embeddable":true,"href":"https:\/\/eldiariodesanpedro.com.ar\/sitio\/wp-json\/wp\/v2\/categories?post=36107"},{"taxonomy":"post_tag","embeddable":true,"href":"https:\/\/eldiariodesanpedro.com.ar\/sitio\/wp-json\/wp\/v2\/tags?post=36107"}],"curies":[{"name":"wp","href":"https:\/\/api.w.org\/{rel}","templated":true}]}}