{"id":36104,"date":"2018-07-09T20:20:59","date_gmt":"2018-07-09T23:20:59","guid":{"rendered":"https:\/\/eldiariodesanpedro.com.ar\/sitio\/?p=36104"},"modified":"2018-07-09T20:20:59","modified_gmt":"2018-07-09T23:20:59","slug":"ocurrieron-seis-accidentes-de-transito-durante-el-fin-de-semana","status":"publish","type":"post","link":"https:\/\/eldiariodesanpedro.com.ar\/sitio\/ocurrieron-seis-accidentes-de-transito-durante-el-fin-de-semana\/","title":{"rendered":"Ocurrieron seis accidentes de tr\u00e1nsito durante el fin de semana"},"content":{"rendered":"<p><!-- VideographyWP Plugin Message: Automatic video embedding prevented by plugin options. --><br \/>\nEl personal policial se comision\u00f3 a seis accidentes de tr\u00e1nsito, el primero en Ruta Provincial 191 km 8 de ciudad, donde autom\u00f3vil abordado por familia es rozado por otro ocasionando su despiste, trasladada femenina de 19 a\u00f1os a nosocomio, misma no presenta lesiones.<\/p>\n<p>Asimismo se comisiono m\u00f3vil policial a calle Las Provincias y Nieto de Torres donde autom\u00f3vil VW Gol conducido por masculino de 29 a\u00f1os colisiona con motocicleta brava 110 conducida por masculino de 16 a\u00f1os, resultando lesionado el menor traslado a nosocomio local Dr. Ruffa, el juzgado dispuso extracci\u00f3n sangu\u00ednea para comprobar alcoholemia y el secuestro de los rodados. <\/p>\n<p>Se present\u00f3 otro m\u00f3vil a Las Provincias y Alvarado donde colisionara motocicleta y autom\u00f3vil, no habiendo lesionados. <\/p>\n<p>Adem\u00e1s se presentaron otros moviles hasta calle Manuel Iglesias y Nieto de Torres donde tambi\u00e9n colisionara motociclista con autom\u00f3vil estacionado, siendo trasladado hasta nosocomio local fines de descartar lesiones, es dado de alta minutos despu\u00e9s. <\/p>\n<p>Se comision\u00f3 m\u00f3vil hasta intersecci\u00f3n de calle Juan B Justo y Pellegrini de ciudad donde colisionara autom\u00f3vil y motocicleta, siendo trasladado el conductor del rodado menor, siendo dado de alta inmediatamente por no presentar lesiones. <\/p>\n<p>Por \u00faltimo un siniestro ocurri\u00f3 en calle Sarmiento 1235 donde conductor de autom\u00f3vil Renault 12 perdiera estabilidad luego de \u201cmorder\u201d cord\u00f3n de vereda y volcara el rodado, siendo trasladado hasta nosocomio local donde se constat\u00f3 que presentaba heridas de car\u00e1cter leves.<\/p>\n","protected":false},"excerpt":{"rendered":"<p>El personal policial se comision\u00f3 a seis accidentes de tr\u00e1nsito, el primero en Ruta Provincial 191 km 8 de ciudad, donde autom\u00f3vil abordado por familia es rozado por otro ocasionando su despiste, trasladada femenina de 19 a\u00f1os a nosocomio, misma no presenta lesiones. Asimismo se comisiono m\u00f3vil policial a calle Las Provincias y Nieto de [&hellip;]<\/p>\n","protected":false},"author":4,"featured_media":36105,"comment_status":"open","ping_status":"closed","sticky":false,"template":"","format":"standard","meta":{"om_disable_all_campaigns":false,"_jetpack_memberships_contains_paid_content":false,"footnotes":""},"categories":[2,103],"tags":[],"class_list":["post-36104","post","type-post","status-publish","format-standard","has-post-thumbnail","hentry","category-locales","category-policiales-locales"],"aioseo_notices":[],"gutentor_comment":0,"jetpack_featured_media_url":"https:\/\/eldiariodesanpedro.com.ar\/sitio\/wp-content\/uploads\/2018\/07\/PAGINA-2-1.jpg","jetpack_shortlink":"https:\/\/wp.me\/p6RhLt-9ok","jetpack_sharing_enabled":true,"_links":{"self":[{"href":"https:\/\/eldiariodesanpedro.com.ar\/sitio\/wp-json\/wp\/v2\/posts\/36104","targetHints":{"allow":["GET"]}}],"collection":[{"href":"https:\/\/eldiariodesanpedro.com.ar\/sitio\/wp-json\/wp\/v2\/posts"}],"about":[{"href":"https:\/\/eldiariodesanpedro.com.ar\/sitio\/wp-json\/wp\/v2\/types\/post"}],"author":[{"embeddable":true,"href":"https:\/\/eldiariodesanpedro.com.ar\/sitio\/wp-json\/wp\/v2\/users\/4"}],"replies":[{"embeddable":true,"href":"https:\/\/eldiariodesanpedro.com.ar\/sitio\/wp-json\/wp\/v2\/comments?post=36104"}],"version-history":[{"count":1,"href":"https:\/\/eldiariodesanpedro.com.ar\/sitio\/wp-json\/wp\/v2\/posts\/36104\/revisions"}],"predecessor-version":[{"id":36106,"href":"https:\/\/eldiariodesanpedro.com.ar\/sitio\/wp-json\/wp\/v2\/posts\/36104\/revisions\/36106"}],"wp:featuredmedia":[{"embeddable":true,"href":"https:\/\/eldiariodesanpedro.com.ar\/sitio\/wp-json\/wp\/v2\/media\/36105"}],"wp:attachment":[{"href":"https:\/\/eldiariodesanpedro.com.ar\/sitio\/wp-json\/wp\/v2\/media?parent=36104"}],"wp:term":[{"taxonomy":"category","embeddable":true,"href":"https:\/\/eldiariodesanpedro.com.ar\/sitio\/wp-json\/wp\/v2\/categories?post=36104"},{"taxonomy":"post_tag","embeddable":true,"href":"https:\/\/eldiariodesanpedro.com.ar\/sitio\/wp-json\/wp\/v2\/tags?post=36104"}],"curies":[{"name":"wp","href":"https:\/\/api.w.org\/{rel}","templated":true}]}}