{"id":36101,"date":"2018-07-09T20:14:55","date_gmt":"2018-07-09T23:14:55","guid":{"rendered":"https:\/\/eldiariodesanpedro.com.ar\/sitio\/?p=36101"},"modified":"2018-07-09T20:15:33","modified_gmt":"2018-07-09T23:15:33","slug":"36101-2","status":"publish","type":"post","link":"https:\/\/eldiariodesanpedro.com.ar\/sitio\/36101-2\/","title":{"rendered":"Tres heridos de armas blancas ingresaron a la guardia"},"content":{"rendered":"<p><!-- VideographyWP Plugin Message: Automatic video embedding prevented by plugin options. --><br \/>\nEste domingo en horas de la madrugada ingresaron al Hospital dos personas con heridas de arma blanca. <\/p>\n<p>Una vez presentes los efectivos policiales en el nosocomio local se pudo determinar que las victimas serian dos hermanos de 22 y 30 a\u00f1os, quienes fueron trasladados de calle Hermano Indio al 800, producto de una pelea. <\/p>\n<p>La v\u00edctima de 30 a\u00f1os presenta lesi\u00f3n punzo cortante en t\u00f3rax, de car\u00e1cter grave y el de 22 a\u00f1os, presenta herida de arma blanca en t\u00f3rax derecho de car\u00e1cter leve. El autor del ataque fue identificado y la polic\u00eda continua con la investigaci\u00f3n.<\/p>\n<p>Otro hecho ocurri\u00f3 durantes el s\u00e1bado donde se tomo conocimiento del ingreso de masculino de 36 a\u00f1os herido por arma blanca al hospital Emilio Ruffa, presentando una herida corto punzante en rostro y en zona costal izquierda desde calle Las Provincias 2100 logr\u00e1ndose constatar que las lesiones resultan ser leves.<\/p>\n","protected":false},"excerpt":{"rendered":"<p>Este domingo en horas de la madrugada ingresaron al Hospital dos personas con heridas de arma blanca. Una vez presentes los efectivos policiales en el nosocomio local se pudo determinar que las victimas serian dos hermanos de 22 y 30 a\u00f1os, quienes fueron trasladados de calle Hermano Indio al 800, producto de una pelea. La [&hellip;]<\/p>\n","protected":false},"author":4,"featured_media":25808,"comment_status":"open","ping_status":"closed","sticky":false,"template":"","format":"standard","meta":{"om_disable_all_campaigns":false,"_jetpack_memberships_contains_paid_content":false,"footnotes":""},"categories":[2,103],"tags":[],"class_list":["post-36101","post","type-post","status-publish","format-standard","has-post-thumbnail","hentry","category-locales","category-policiales-locales"],"aioseo_notices":[],"gutentor_comment":0,"jetpack_featured_media_url":"https:\/\/eldiariodesanpedro.com.ar\/sitio\/wp-content\/uploads\/2017\/11\/Los-accidentados-fueron-derivados-a-la-Guardia.jpg","jetpack_shortlink":"https:\/\/wp.me\/p6RhLt-9oh","jetpack_sharing_enabled":true,"_links":{"self":[{"href":"https:\/\/eldiariodesanpedro.com.ar\/sitio\/wp-json\/wp\/v2\/posts\/36101","targetHints":{"allow":["GET"]}}],"collection":[{"href":"https:\/\/eldiariodesanpedro.com.ar\/sitio\/wp-json\/wp\/v2\/posts"}],"about":[{"href":"https:\/\/eldiariodesanpedro.com.ar\/sitio\/wp-json\/wp\/v2\/types\/post"}],"author":[{"embeddable":true,"href":"https:\/\/eldiariodesanpedro.com.ar\/sitio\/wp-json\/wp\/v2\/users\/4"}],"replies":[{"embeddable":true,"href":"https:\/\/eldiariodesanpedro.com.ar\/sitio\/wp-json\/wp\/v2\/comments?post=36101"}],"version-history":[{"count":2,"href":"https:\/\/eldiariodesanpedro.com.ar\/sitio\/wp-json\/wp\/v2\/posts\/36101\/revisions"}],"predecessor-version":[{"id":36103,"href":"https:\/\/eldiariodesanpedro.com.ar\/sitio\/wp-json\/wp\/v2\/posts\/36101\/revisions\/36103"}],"wp:featuredmedia":[{"embeddable":true,"href":"https:\/\/eldiariodesanpedro.com.ar\/sitio\/wp-json\/wp\/v2\/media\/25808"}],"wp:attachment":[{"href":"https:\/\/eldiariodesanpedro.com.ar\/sitio\/wp-json\/wp\/v2\/media?parent=36101"}],"wp:term":[{"taxonomy":"category","embeddable":true,"href":"https:\/\/eldiariodesanpedro.com.ar\/sitio\/wp-json\/wp\/v2\/categories?post=36101"},{"taxonomy":"post_tag","embeddable":true,"href":"https:\/\/eldiariodesanpedro.com.ar\/sitio\/wp-json\/wp\/v2\/tags?post=36101"}],"curies":[{"name":"wp","href":"https:\/\/api.w.org\/{rel}","templated":true}]}}