{"id":36098,"date":"2018-07-09T20:10:33","date_gmt":"2018-07-09T23:10:33","guid":{"rendered":"https:\/\/eldiariodesanpedro.com.ar\/sitio\/?p=36098"},"modified":"2018-07-09T20:10:33","modified_gmt":"2018-07-09T23:10:33","slug":"se-aprehendio-a-un-ucraniano-con-pedido-de-paradero-activo","status":"publish","type":"post","link":"https:\/\/eldiariodesanpedro.com.ar\/sitio\/se-aprehendio-a-un-ucraniano-con-pedido-de-paradero-activo\/","title":{"rendered":"Se aprehendi\u00f3 a un ucraniano con pedido de paradero activo"},"content":{"rendered":"<p><!-- VideographyWP Plugin Message: Automatic video embedding prevented by plugin options. --><br \/>\nEste s\u00e1bado el personal de Destacamento R\u00edo Tala en conjunto con personal Destacamento La Tosquera, personal UPPL San Pedro y Vial San Pedro, tras operativos de interceptaci\u00f3n en acceso a la ciudad se procede a la aprehensi\u00f3n de masculino de 51 a\u00f1os de nacionalidad ucraniana, quien registra \u00abpedido de paradero activo\u00bb desde el 27 de julio de 2016 dispuesta por el Juzgado Civil Comercial y Lav de Santa Cruz. Comunicado magistrado de intervenci\u00f3n mismo dispuso se notifique comparendo para pr\u00f3ximos d\u00edas, no adoptando otra medida. <\/p>\n","protected":false},"excerpt":{"rendered":"<p>Este s\u00e1bado el personal de Destacamento R\u00edo Tala en conjunto con personal Destacamento La Tosquera, personal UPPL San Pedro y Vial San Pedro, tras operativos de interceptaci\u00f3n en acceso a la ciudad se procede a la aprehensi\u00f3n de masculino de 51 a\u00f1os de nacionalidad ucraniana, quien registra \u00abpedido de paradero activo\u00bb desde el 27 de [&hellip;]<\/p>\n","protected":false},"author":4,"featured_media":28826,"comment_status":"open","ping_status":"closed","sticky":false,"template":"","format":"standard","meta":{"om_disable_all_campaigns":false,"_jetpack_memberships_contains_paid_content":false,"footnotes":""},"categories":[2,103],"tags":[],"class_list":["post-36098","post","type-post","status-publish","format-standard","has-post-thumbnail","hentry","category-locales","category-policiales-locales"],"aioseo_notices":[],"gutentor_comment":0,"jetpack_featured_media_url":"https:\/\/eldiariodesanpedro.com.ar\/sitio\/wp-content\/uploads\/2018\/02\/detenido-4.jpg","jetpack_shortlink":"https:\/\/wp.me\/p6RhLt-9oe","jetpack_sharing_enabled":true,"_links":{"self":[{"href":"https:\/\/eldiariodesanpedro.com.ar\/sitio\/wp-json\/wp\/v2\/posts\/36098","targetHints":{"allow":["GET"]}}],"collection":[{"href":"https:\/\/eldiariodesanpedro.com.ar\/sitio\/wp-json\/wp\/v2\/posts"}],"about":[{"href":"https:\/\/eldiariodesanpedro.com.ar\/sitio\/wp-json\/wp\/v2\/types\/post"}],"author":[{"embeddable":true,"href":"https:\/\/eldiariodesanpedro.com.ar\/sitio\/wp-json\/wp\/v2\/users\/4"}],"replies":[{"embeddable":true,"href":"https:\/\/eldiariodesanpedro.com.ar\/sitio\/wp-json\/wp\/v2\/comments?post=36098"}],"version-history":[{"count":1,"href":"https:\/\/eldiariodesanpedro.com.ar\/sitio\/wp-json\/wp\/v2\/posts\/36098\/revisions"}],"predecessor-version":[{"id":36099,"href":"https:\/\/eldiariodesanpedro.com.ar\/sitio\/wp-json\/wp\/v2\/posts\/36098\/revisions\/36099"}],"wp:featuredmedia":[{"embeddable":true,"href":"https:\/\/eldiariodesanpedro.com.ar\/sitio\/wp-json\/wp\/v2\/media\/28826"}],"wp:attachment":[{"href":"https:\/\/eldiariodesanpedro.com.ar\/sitio\/wp-json\/wp\/v2\/media?parent=36098"}],"wp:term":[{"taxonomy":"category","embeddable":true,"href":"https:\/\/eldiariodesanpedro.com.ar\/sitio\/wp-json\/wp\/v2\/categories?post=36098"},{"taxonomy":"post_tag","embeddable":true,"href":"https:\/\/eldiariodesanpedro.com.ar\/sitio\/wp-json\/wp\/v2\/tags?post=36098"}],"curies":[{"name":"wp","href":"https:\/\/api.w.org\/{rel}","templated":true}]}}