{"id":36094,"date":"2018-07-09T19:07:29","date_gmt":"2018-07-09T22:07:29","guid":{"rendered":"https:\/\/eldiariodesanpedro.com.ar\/sitio\/?p=36094"},"modified":"2018-07-09T19:07:29","modified_gmt":"2018-07-09T22:07:29","slug":"un-nuevo-buque-arribo-al-puerto-de-san-pedro-3","status":"publish","type":"post","link":"https:\/\/eldiariodesanpedro.com.ar\/sitio\/un-nuevo-buque-arribo-al-puerto-de-san-pedro-3\/","title":{"rendered":"Un nuevo buque arrib\u00f3 al Puerto de San Pedro"},"content":{"rendered":"<p><!-- VideographyWP Plugin Message: Automatic video embedding prevented by plugin options. --><br \/>\nDesde el Consorcio de Gesti\u00f3n del Puerto San Pedro se comunic\u00f3 el arribo en el d\u00eda de ayer, de un buque denominado \u201cChaiten\u201d de bandera Bahamas.<br \/>\nEl barco de 152 metros de eslora, procede de Campana y operar\u00e1 en el muelle cabecera, en donde cargar\u00e1 7000 pallets de c\u00edtricos aproximadamente con destino a Espa\u00f1a.<\/p>\n","protected":false},"excerpt":{"rendered":"<p>Desde el Consorcio de Gesti\u00f3n del Puerto San Pedro se comunic\u00f3 el arribo en el d\u00eda de ayer, de un buque denominado \u201cChaiten\u201d de bandera Bahamas. El barco de 152 metros de eslora, procede de Campana y operar\u00e1 en el muelle cabecera, en donde cargar\u00e1 7000 pallets de c\u00edtricos aproximadamente con destino a Espa\u00f1a.<\/p>\n","protected":false},"author":4,"featured_media":32399,"comment_status":"open","ping_status":"closed","sticky":false,"template":"","format":"standard","meta":{"om_disable_all_campaigns":false,"_jetpack_memberships_contains_paid_content":false,"footnotes":""},"categories":[101,2],"tags":[],"class_list":["post-36094","post","type-post","status-publish","format-standard","has-post-thumbnail","hentry","category-interes-general-locales","category-locales"],"aioseo_notices":[],"gutentor_comment":0,"jetpack_featured_media_url":"https:\/\/eldiariodesanpedro.com.ar\/sitio\/wp-content\/uploads\/2018\/04\/Mv-Chaiten-1325897.jpg","jetpack_shortlink":"https:\/\/wp.me\/p6RhLt-9oa","jetpack_sharing_enabled":true,"_links":{"self":[{"href":"https:\/\/eldiariodesanpedro.com.ar\/sitio\/wp-json\/wp\/v2\/posts\/36094","targetHints":{"allow":["GET"]}}],"collection":[{"href":"https:\/\/eldiariodesanpedro.com.ar\/sitio\/wp-json\/wp\/v2\/posts"}],"about":[{"href":"https:\/\/eldiariodesanpedro.com.ar\/sitio\/wp-json\/wp\/v2\/types\/post"}],"author":[{"embeddable":true,"href":"https:\/\/eldiariodesanpedro.com.ar\/sitio\/wp-json\/wp\/v2\/users\/4"}],"replies":[{"embeddable":true,"href":"https:\/\/eldiariodesanpedro.com.ar\/sitio\/wp-json\/wp\/v2\/comments?post=36094"}],"version-history":[{"count":1,"href":"https:\/\/eldiariodesanpedro.com.ar\/sitio\/wp-json\/wp\/v2\/posts\/36094\/revisions"}],"predecessor-version":[{"id":36095,"href":"https:\/\/eldiariodesanpedro.com.ar\/sitio\/wp-json\/wp\/v2\/posts\/36094\/revisions\/36095"}],"wp:featuredmedia":[{"embeddable":true,"href":"https:\/\/eldiariodesanpedro.com.ar\/sitio\/wp-json\/wp\/v2\/media\/32399"}],"wp:attachment":[{"href":"https:\/\/eldiariodesanpedro.com.ar\/sitio\/wp-json\/wp\/v2\/media?parent=36094"}],"wp:term":[{"taxonomy":"category","embeddable":true,"href":"https:\/\/eldiariodesanpedro.com.ar\/sitio\/wp-json\/wp\/v2\/categories?post=36094"},{"taxonomy":"post_tag","embeddable":true,"href":"https:\/\/eldiariodesanpedro.com.ar\/sitio\/wp-json\/wp\/v2\/tags?post=36094"}],"curies":[{"name":"wp","href":"https:\/\/api.w.org\/{rel}","templated":true}]}}