{"id":36089,"date":"2018-07-09T18:07:14","date_gmt":"2018-07-09T21:07:14","guid":{"rendered":"https:\/\/eldiariodesanpedro.com.ar\/sitio\/?p=36089"},"modified":"2018-07-09T18:57:15","modified_gmt":"2018-07-09T21:57:15","slug":"participativo-acto-del-9-de-julio-en-gobernador-castro","status":"publish","type":"post","link":"https:\/\/eldiariodesanpedro.com.ar\/sitio\/participativo-acto-del-9-de-julio-en-gobernador-castro\/","title":{"rendered":"Participativo acto del 9 de Julio en Gobernador Castro"},"content":{"rendered":"<p><!-- VideographyWP Plugin Message: Automatic video embedding prevented by plugin options. --><br \/>\nEl Intendente Cecilio Salazar, su gabinete, miembros del HCD, autoridades y representantes de instituciones de toda la comunidad junto a una gran cantidad de vecinos de Gobernador Castro, compartieron en la ma\u00f1ana de este lunes 9 de Julio el acto por el 202 aniversario de la Declaraci\u00f3n de la Independencia.<\/p>\n<p>Con un homenaje especial para el sampedrino Fray Cayetano Rodr\u00edguez, redactor del documento de la Independencia en 1816, el pueblo se dio cita en las calles de la localidad para un acto que incluy\u00f3 la actuaci\u00f3n de la Banda de M\u00fasica de la Polic\u00eda de la Provincia de Buenos Aires y un desfile de entidades e instituciones frente al palco principal montado en la zona de la Estaci\u00f3n.<\/p>\n<p>En su mensaje el Intendente hizo hincapi\u00e9 en en el valor de la independencia, no como individualidad, sino como valor de progreso, trabajo y la uni\u00f3n de todos, para construir oportunidades que nos ayuden a mejorar como localidad, cuidad, vecinos y pa\u00eds. <\/p>\n<p>Adem\u00e1s hablaron Silvia \u00c1lvarez docente a cargo de la escuela n\u00famero 19 y el delegado de la localidad \u00c1ngel \u00c1lvarez. <\/p>\n<p>De esta manera, contando con el acompa\u00f1amiento del clima y la participaci\u00f3n esperada, en San Pedro como en todo el pa\u00eds se record\u00f3 al D\u00eda de la Independencia.<\/p>\n<p><iframe data-src=\"https:\/\/www.facebook.com\/plugins\/post.php?href=https%3A%2F%2Fwww.facebook.com%2Fmedia%2Fset%2F%3Fset%3Da.2229327553750557.1073741891.100000200017314%26type%3D3&#038;width=500\" width=\"500\" height=\"650\" style=\"border:none;overflow:hidden\" scrolling=\"no\" frameborder=\"0\" allowTransparency=\"true\" allow=\"encrypted-media\" src=\"data:image\/svg+xml;base64,PHN2ZyB3aWR0aD0iMSIgaGVpZ2h0PSIxIiB4bWxucz0iaHR0cDovL3d3dy53My5vcmcvMjAwMC9zdmciPjwvc3ZnPg==\" class=\"lazyload\" data-load-mode=\"1\"><\/iframe><\/p>\n","protected":false},"excerpt":{"rendered":"<p>El Intendente Cecilio Salazar, su gabinete, miembros del HCD, autoridades y representantes de instituciones de toda la comunidad junto a una gran cantidad de vecinos de Gobernador Castro, compartieron en la ma\u00f1ana de este lunes 9 de Julio el acto por el 202 aniversario de la Declaraci\u00f3n de la Independencia. Con un homenaje especial para [&hellip;]<\/p>\n","protected":false},"author":4,"featured_media":36090,"comment_status":"open","ping_status":"closed","sticky":false,"template":"","format":"standard","meta":{"om_disable_all_campaigns":false,"_jetpack_memberships_contains_paid_content":false,"footnotes":""},"categories":[50,101,2],"tags":[],"class_list":["post-36089","post","type-post","status-publish","format-standard","has-post-thumbnail","hentry","category-destacadas","category-interes-general-locales","category-locales"],"aioseo_notices":[],"gutentor_comment":0,"jetpack_featured_media_url":"https:\/\/eldiariodesanpedro.com.ar\/sitio\/wp-content\/uploads\/2018\/07\/TAPA-1-e1531170395803.jpg","jetpack_shortlink":"https:\/\/wp.me\/p6RhLt-9o5","jetpack_sharing_enabled":true,"_links":{"self":[{"href":"https:\/\/eldiariodesanpedro.com.ar\/sitio\/wp-json\/wp\/v2\/posts\/36089","targetHints":{"allow":["GET"]}}],"collection":[{"href":"https:\/\/eldiariodesanpedro.com.ar\/sitio\/wp-json\/wp\/v2\/posts"}],"about":[{"href":"https:\/\/eldiariodesanpedro.com.ar\/sitio\/wp-json\/wp\/v2\/types\/post"}],"author":[{"embeddable":true,"href":"https:\/\/eldiariodesanpedro.com.ar\/sitio\/wp-json\/wp\/v2\/users\/4"}],"replies":[{"embeddable":true,"href":"https:\/\/eldiariodesanpedro.com.ar\/sitio\/wp-json\/wp\/v2\/comments?post=36089"}],"version-history":[{"count":2,"href":"https:\/\/eldiariodesanpedro.com.ar\/sitio\/wp-json\/wp\/v2\/posts\/36089\/revisions"}],"predecessor-version":[{"id":36093,"href":"https:\/\/eldiariodesanpedro.com.ar\/sitio\/wp-json\/wp\/v2\/posts\/36089\/revisions\/36093"}],"wp:featuredmedia":[{"embeddable":true,"href":"https:\/\/eldiariodesanpedro.com.ar\/sitio\/wp-json\/wp\/v2\/media\/36090"}],"wp:attachment":[{"href":"https:\/\/eldiariodesanpedro.com.ar\/sitio\/wp-json\/wp\/v2\/media?parent=36089"}],"wp:term":[{"taxonomy":"category","embeddable":true,"href":"https:\/\/eldiariodesanpedro.com.ar\/sitio\/wp-json\/wp\/v2\/categories?post=36089"},{"taxonomy":"post_tag","embeddable":true,"href":"https:\/\/eldiariodesanpedro.com.ar\/sitio\/wp-json\/wp\/v2\/tags?post=36089"}],"curies":[{"name":"wp","href":"https:\/\/api.w.org\/{rel}","templated":true}]}}