{"id":36083,"date":"2018-07-07T11:43:53","date_gmt":"2018-07-07T14:43:53","guid":{"rendered":"https:\/\/eldiariodesanpedro.com.ar\/sitio\/?p=36083"},"modified":"2018-07-07T11:56:12","modified_gmt":"2018-07-07T14:56:12","slug":"delincuentes-robaron-televisores-y-bicicletas-de-distintas-propiedades","status":"publish","type":"post","link":"https:\/\/eldiariodesanpedro.com.ar\/sitio\/delincuentes-robaron-televisores-y-bicicletas-de-distintas-propiedades\/","title":{"rendered":"Delincuentes robaron televisores y bicicletas de distintas propiedades"},"content":{"rendered":"<p><!-- VideographyWP Plugin Message: Automatic video embedding prevented by plugin options. --><br \/>\nUn ciudadano de 53 a\u00f1os de edad, denuncio el viernes por la tarde en la Dependencia local, que al regresar a su domicilio, constata que delincuentes le hab\u00edan violentado la puerta de su morada y le sustrajeron sus dos televisores, para luego darse a la fuga.<\/p>\n<p>Tambi\u00e9n un joven de 32, radico su denuncia contando que al salir de su comercio, sito en calle Mitre y Caron\u00ed, constata que malvivientes le hab\u00edan sustra\u00eddo su bicicleta de paseo color negra Para luego darse a la fuga.<\/p>\n<p>En ambos casos interviene la UFI N\u00ba11.<\/p>\n","protected":false},"excerpt":{"rendered":"<p>Un ciudadano de 53 a\u00f1os de edad, denuncio el viernes por la tarde en la Dependencia local, que al regresar a su domicilio, constata que delincuentes le hab\u00edan violentado la puerta de su morada y le sustrajeron sus dos televisores, para luego darse a la fuga. Tambi\u00e9n un joven de 32, radico su denuncia contando [&hellip;]<\/p>\n","protected":false},"author":4,"featured_media":13372,"comment_status":"open","ping_status":"closed","sticky":false,"template":"","format":"standard","meta":{"om_disable_all_campaigns":false,"_jetpack_memberships_contains_paid_content":false,"footnotes":""},"categories":[2,103],"tags":[],"class_list":["post-36083","post","type-post","status-publish","format-standard","has-post-thumbnail","hentry","category-locales","category-policiales-locales"],"aioseo_notices":[],"gutentor_comment":0,"jetpack_featured_media_url":"https:\/\/eldiariodesanpedro.com.ar\/sitio\/wp-content\/uploads\/2017\/01\/Patrulla-4-e1485286120389.jpg","jetpack_shortlink":"https:\/\/wp.me\/p6RhLt-9nZ","jetpack_sharing_enabled":true,"_links":{"self":[{"href":"https:\/\/eldiariodesanpedro.com.ar\/sitio\/wp-json\/wp\/v2\/posts\/36083","targetHints":{"allow":["GET"]}}],"collection":[{"href":"https:\/\/eldiariodesanpedro.com.ar\/sitio\/wp-json\/wp\/v2\/posts"}],"about":[{"href":"https:\/\/eldiariodesanpedro.com.ar\/sitio\/wp-json\/wp\/v2\/types\/post"}],"author":[{"embeddable":true,"href":"https:\/\/eldiariodesanpedro.com.ar\/sitio\/wp-json\/wp\/v2\/users\/4"}],"replies":[{"embeddable":true,"href":"https:\/\/eldiariodesanpedro.com.ar\/sitio\/wp-json\/wp\/v2\/comments?post=36083"}],"version-history":[{"count":1,"href":"https:\/\/eldiariodesanpedro.com.ar\/sitio\/wp-json\/wp\/v2\/posts\/36083\/revisions"}],"predecessor-version":[{"id":36085,"href":"https:\/\/eldiariodesanpedro.com.ar\/sitio\/wp-json\/wp\/v2\/posts\/36083\/revisions\/36085"}],"wp:featuredmedia":[{"embeddable":true,"href":"https:\/\/eldiariodesanpedro.com.ar\/sitio\/wp-json\/wp\/v2\/media\/13372"}],"wp:attachment":[{"href":"https:\/\/eldiariodesanpedro.com.ar\/sitio\/wp-json\/wp\/v2\/media?parent=36083"}],"wp:term":[{"taxonomy":"category","embeddable":true,"href":"https:\/\/eldiariodesanpedro.com.ar\/sitio\/wp-json\/wp\/v2\/categories?post=36083"},{"taxonomy":"post_tag","embeddable":true,"href":"https:\/\/eldiariodesanpedro.com.ar\/sitio\/wp-json\/wp\/v2\/tags?post=36083"}],"curies":[{"name":"wp","href":"https:\/\/api.w.org\/{rel}","templated":true}]}}