{"id":36080,"date":"2018-07-07T11:41:04","date_gmt":"2018-07-07T14:41:04","guid":{"rendered":"https:\/\/eldiariodesanpedro.com.ar\/sitio\/?p=36080"},"modified":"2018-07-07T11:41:04","modified_gmt":"2018-07-07T14:41:04","slug":"campana-de-recoleccion-de-plasticos","status":"publish","type":"post","link":"https:\/\/eldiariodesanpedro.com.ar\/sitio\/campana-de-recoleccion-de-plasticos\/","title":{"rendered":"Campa\u00f1a de recolecci\u00f3n de pl\u00e1sticos"},"content":{"rendered":"<p><!-- VideographyWP Plugin Message: Automatic video embedding prevented by plugin options. --><br \/>\nLa Municipalidad de San Pedro Acompa\u00f1a a Conciencia Ecol\u00f3gica durante el fin de semana largo, 7, 8 y 9 de Julio, en la recolecci\u00f3n de pl\u00e1sticos.<br \/>\nSe dispondr\u00e1n  7 puntos verdes en toda la ciudad a partir del s\u00e1bado 7 a las 9 hs. hasta el lunes 9 a las 21 hs. Los materiales recolectados ser\u00e1n destinados para proyectos comunitarios. Las tapitas ser\u00e1n enviadas al Hospital Garrahan, las botellas se utilizar\u00e1n para la el armado de \u00abecoladrillos\u00bb los cuales se utilizar\u00e1n en una construcci\u00f3n comunitaria sustentable, y Las botellas de gaseosas Pet ser\u00e1n destinadas al proyecto de construcci\u00f3n comunitaria de Termotanques Solares en el Barrio La Tosquera (Subdelegaci\u00f3n Los Cazadores).<\/p>\n<p>Tambi\u00e9n se suman escuelas e instituciones a la campa\u00f1a, que durante todo el mes de julio, recolectar\u00e1n los materiales para luego trasladarlos a los puntos verdes. Las escuelas que se suman son: Escuela Sec. N3, Escuela Prim. N27, Escuela Sec. N4, Escuela Prim. N6, Escuela Prim. N502, Escuela Prim. N24, Jard\u00edn de Infantes Calcul\u00edn \/ La Buena Moza, Escuela Sec. N6 \/ Gdor. Castro, Escuela Prim. N12 \/ R\u00edo Tala, Escuela Sec. Agraria N1 \/ R\u00edo Tala, Escuela Primaria Bajo de los F\u00f3siles \/ Bajo Tala y Escuela N15 Vuelta de Obligado. Y las instituciones adheridas son: Hospital Subzonal \u201cDr. Emilio Ruffa\u201d, Casa de Ancianos y Estadio Municipal.<\/p>\n<p>La campa\u00f1a es organizada por Conciencia Ecol\u00f3gica.<\/p>\n<p>Apoyan esta iniciativa:<br \/>\nMunicipalidad de San Pedro BA<br \/>\nSubdelegaci\u00f3n Los Cazadores<br \/>\nRed Solidaria San Pedro<br \/>\nCAPROEM Camara de productores y empacadores San Pedro<br \/>\nFederaci\u00f3n Agraria Sede San Pedro<br \/>\nRECICLADOS J.M.B.<\/p>\n<p>&#8230;&#8230;&#8230;&#8230;&#8230;&#8230;&#8230;&#8230;&#8230;&#8230;&#8230;&#8230;&#8230;&#8230;&#8230;&#8230;&#8230;&#8230;<br \/>\nCampa\u00f1as de concientizaci\u00f3n ambiental Declarada de inter\u00e9s municipal<br \/>\nseg\u00fan Decr. 1306-2017 y 0396-2018, enmarcadas en los documentos GIRSU y ENGIRSU desarrollados por el Ministerio de Ambiente de Naci\u00f3n A\u00f1o 2005 y la Ordenanza Basura Cero de la Municipalidad de San Pedro N6004-2012<\/p>\n","protected":false},"excerpt":{"rendered":"<p>La Municipalidad de San Pedro Acompa\u00f1a a Conciencia Ecol\u00f3gica durante el fin de semana largo, 7, 8 y 9 de Julio, en la recolecci\u00f3n de pl\u00e1sticos. Se dispondr\u00e1n 7 puntos verdes en toda la ciudad a partir del s\u00e1bado 7 a las 9 hs. hasta el lunes 9 a las 21 hs. Los materiales recolectados [&hellip;]<\/p>\n","protected":false},"author":4,"featured_media":36081,"comment_status":"open","ping_status":"closed","sticky":false,"template":"","format":"standard","meta":{"om_disable_all_campaigns":false,"_jetpack_memberships_contains_paid_content":false,"footnotes":""},"categories":[101,2],"tags":[],"class_list":["post-36080","post","type-post","status-publish","format-standard","has-post-thumbnail","hentry","category-interes-general-locales","category-locales"],"aioseo_notices":[],"gutentor_comment":0,"jetpack_featured_media_url":"https:\/\/eldiariodesanpedro.com.ar\/sitio\/wp-content\/uploads\/2018\/07\/plastico3.jpg","jetpack_shortlink":"https:\/\/wp.me\/p6RhLt-9nW","jetpack_sharing_enabled":true,"_links":{"self":[{"href":"https:\/\/eldiariodesanpedro.com.ar\/sitio\/wp-json\/wp\/v2\/posts\/36080","targetHints":{"allow":["GET"]}}],"collection":[{"href":"https:\/\/eldiariodesanpedro.com.ar\/sitio\/wp-json\/wp\/v2\/posts"}],"about":[{"href":"https:\/\/eldiariodesanpedro.com.ar\/sitio\/wp-json\/wp\/v2\/types\/post"}],"author":[{"embeddable":true,"href":"https:\/\/eldiariodesanpedro.com.ar\/sitio\/wp-json\/wp\/v2\/users\/4"}],"replies":[{"embeddable":true,"href":"https:\/\/eldiariodesanpedro.com.ar\/sitio\/wp-json\/wp\/v2\/comments?post=36080"}],"version-history":[{"count":1,"href":"https:\/\/eldiariodesanpedro.com.ar\/sitio\/wp-json\/wp\/v2\/posts\/36080\/revisions"}],"predecessor-version":[{"id":36082,"href":"https:\/\/eldiariodesanpedro.com.ar\/sitio\/wp-json\/wp\/v2\/posts\/36080\/revisions\/36082"}],"wp:featuredmedia":[{"embeddable":true,"href":"https:\/\/eldiariodesanpedro.com.ar\/sitio\/wp-json\/wp\/v2\/media\/36081"}],"wp:attachment":[{"href":"https:\/\/eldiariodesanpedro.com.ar\/sitio\/wp-json\/wp\/v2\/media?parent=36080"}],"wp:term":[{"taxonomy":"category","embeddable":true,"href":"https:\/\/eldiariodesanpedro.com.ar\/sitio\/wp-json\/wp\/v2\/categories?post=36080"},{"taxonomy":"post_tag","embeddable":true,"href":"https:\/\/eldiariodesanpedro.com.ar\/sitio\/wp-json\/wp\/v2\/tags?post=36080"}],"curies":[{"name":"wp","href":"https:\/\/api.w.org\/{rel}","templated":true}]}}