{"id":3608,"date":"2016-04-24T16:19:08","date_gmt":"2016-04-24T19:19:08","guid":{"rendered":"https:\/\/eldiariodesanpedro.com.ar\/sitio\/?p=3608"},"modified":"2016-04-24T16:19:08","modified_gmt":"2016-04-24T19:19:08","slug":"baradero-tiene-bandera-y-flameara-en-las-escuelas","status":"publish","type":"post","link":"https:\/\/eldiariodesanpedro.com.ar\/sitio\/baradero-tiene-bandera-y-flameara-en-las-escuelas\/","title":{"rendered":"Baradero tiene bandera y flamear\u00e1 en las escuelas"},"content":{"rendered":"<p><!-- VideographyWP Plugin Message: Automatic video embedding prevented by plugin options. --><br \/>\nLa semana pasada se llev\u00f3 adelante en el Sal\u00f3n de la Democracia del Honorable Concejo Deliberante la presentaci\u00f3n oficial de la Bandera de Baradero.<br \/>\nEn el acto se present\u00f3 oficialmente a la ganadora del concurso de dise\u00f1o de la bandera que a partir de ahora representar\u00e1 a nuestra ciudad en los m\u00e1stiles de cada instituci\u00f3n educativa y en el recinto del HCD. La joven Agustina Baravino de tan s\u00f3lo 14 a\u00f1os es quien present\u00f3 el dise\u00f1o ganador y que a partir de ahora flamear\u00e1 en nuestra ciudad.<br \/>\nLa sencilla ceremonia consisti\u00f3 en entregarle  a un representante de cada una de las instituciones educativas de todos los niveles una bandera de Baradero, la misma fue colocada en el m\u00e1stil correspondiente al frente del sal\u00f3n.<br \/>\nA su vez, se le hizo entrega de una bandera de la ciudad a la concejal mandato cumplido por el Frente Para la Victoria, Leda Pi\u00f1ero, debido a que fue quien present\u00f3 el proyecto en el HCD por el cual se realiz\u00f3 el concurso de selecci\u00f3n de una bandera de Baradero en los 400 a\u00f1os de la ciudad. As\u00ed como tambi\u00e9n, se hizo entrega a la ganadora del concurso.<br \/>\nFinalizado el acto, y aprovechando la presencia de representantes de todas las instituciones educativas, se hizo la presentaci\u00f3n y descripci\u00f3n de \u201cCamino Seguro\u201d junto a la polic\u00eda comunal.<\/p>\n","protected":false},"excerpt":{"rendered":"<p>La semana pasada se llev\u00f3 adelante en el Sal\u00f3n de la Democracia del Honorable Concejo Deliberante la presentaci\u00f3n oficial de la Bandera de Baradero. En el acto se present\u00f3 oficialmente a la ganadora del concurso de dise\u00f1o de la bandera que a partir de ahora representar\u00e1 a nuestra ciudad en los m\u00e1stiles de cada instituci\u00f3n [&hellip;]<\/p>\n","protected":false},"author":4,"featured_media":3609,"comment_status":"open","ping_status":"closed","sticky":false,"template":"","format":"standard","meta":{"om_disable_all_campaigns":false,"_jetpack_memberships_contains_paid_content":false,"footnotes":""},"categories":[101,2],"tags":[],"class_list":["post-3608","post","type-post","status-publish","format-standard","has-post-thumbnail","hentry","category-interes-general-locales","category-locales"],"aioseo_notices":[],"gutentor_comment":0,"jetpack_featured_media_url":"https:\/\/eldiariodesanpedro.com.ar\/sitio\/wp-content\/uploads\/2016\/04\/PAGINA-4-03.jpg","jetpack_shortlink":"https:\/\/wp.me\/p6RhLt-Wc","jetpack_sharing_enabled":true,"_links":{"self":[{"href":"https:\/\/eldiariodesanpedro.com.ar\/sitio\/wp-json\/wp\/v2\/posts\/3608","targetHints":{"allow":["GET"]}}],"collection":[{"href":"https:\/\/eldiariodesanpedro.com.ar\/sitio\/wp-json\/wp\/v2\/posts"}],"about":[{"href":"https:\/\/eldiariodesanpedro.com.ar\/sitio\/wp-json\/wp\/v2\/types\/post"}],"author":[{"embeddable":true,"href":"https:\/\/eldiariodesanpedro.com.ar\/sitio\/wp-json\/wp\/v2\/users\/4"}],"replies":[{"embeddable":true,"href":"https:\/\/eldiariodesanpedro.com.ar\/sitio\/wp-json\/wp\/v2\/comments?post=3608"}],"version-history":[{"count":1,"href":"https:\/\/eldiariodesanpedro.com.ar\/sitio\/wp-json\/wp\/v2\/posts\/3608\/revisions"}],"predecessor-version":[{"id":3610,"href":"https:\/\/eldiariodesanpedro.com.ar\/sitio\/wp-json\/wp\/v2\/posts\/3608\/revisions\/3610"}],"wp:featuredmedia":[{"embeddable":true,"href":"https:\/\/eldiariodesanpedro.com.ar\/sitio\/wp-json\/wp\/v2\/media\/3609"}],"wp:attachment":[{"href":"https:\/\/eldiariodesanpedro.com.ar\/sitio\/wp-json\/wp\/v2\/media?parent=3608"}],"wp:term":[{"taxonomy":"category","embeddable":true,"href":"https:\/\/eldiariodesanpedro.com.ar\/sitio\/wp-json\/wp\/v2\/categories?post=3608"},{"taxonomy":"post_tag","embeddable":true,"href":"https:\/\/eldiariodesanpedro.com.ar\/sitio\/wp-json\/wp\/v2\/tags?post=3608"}],"curies":[{"name":"wp","href":"https:\/\/api.w.org\/{rel}","templated":true}]}}