{"id":36076,"date":"2018-07-07T11:35:12","date_gmt":"2018-07-07T14:35:12","guid":{"rendered":"https:\/\/eldiariodesanpedro.com.ar\/sitio\/?p=36076"},"modified":"2018-07-07T11:35:12","modified_gmt":"2018-07-07T14:35:12","slug":"inta-menos-residuos-y-mas-compost","status":"publish","type":"post","link":"https:\/\/eldiariodesanpedro.com.ar\/sitio\/inta-menos-residuos-y-mas-compost\/","title":{"rendered":"INTA: Menos residuos y m\u00e1s compost"},"content":{"rendered":"<p><!-- VideographyWP Plugin Message: Automatic video embedding prevented by plugin options. --><br \/>\nEl martes 10 de julio se realizar\u00e1 a las 14 horas en la Agencia del INTA San Pedro (en Mitre 299), una jornada sobre compostaje hogare\u00f1o y reducci\u00f3n de residuos domiciliarios. Se trata de una ecuaci\u00f3n perfecta para reducir los deshechos del hogar, valorizando lo que se puede reciclar, ya sea porque puede transformarse en nutrici\u00f3n para las plantas o porque separado y limpio se puede descartar otra parte que otros pueden reutilizar.<\/p>\n<p>El compost es ese producto que se obtiene  nutritivo que se adiciona al sustrato de las plantas para enriquecerlas. Se realiza a partir de la descomposici\u00f3n de materiales org\u00e1nicos, siendo muy habitual realizarlo con los residuos org\u00e1nicos de los hogares. Lo podemos utilizar para mejorar las propiedades f\u00edsicas, qu\u00edmicas y biol\u00f3gicas de la tierra de nuestra huerta o jard\u00edn o de nuestras masetas.<br \/>\nEn continuidad con la propuesta sobre producci\u00f3n agroecol\u00f3gica del Prohuerta y la campa\u00f1a de concientizaci\u00f3n sobre reciclado de residuos promovida desde Conciencia Ecol\u00f3gica se desarrollar\u00e1 una capacitaci\u00f3n para la comunidad en general para el abordaje de la separaci\u00f3n domiciliaria de residuos y la producci\u00f3n de compost con los restos org\u00e1nicos a nivel familiar. El objetivo de este encuentro es concientizar sobre el tema y brindar herramientas para poder hacer un proceso de compostado en los hogares.<\/p>\n<p>Quienes implementan esta pr\u00e1ctica tienen m\u00faltiples beneficios, plantas m\u00e1s vigorosas, disminuci\u00f3n del olor que produce la basura y por supuesto, la posibilidad de dar una segunda oportunidad a los productos de descarte y as\u00ed disminuir la basura del planeta. <\/p>\n<p>El encuentro consistir\u00e1 en un espacio de exposici\u00f3n dialogada con los participantes acerca de los beneficios y formas de preparar el compost. Se hablar\u00e1 sobre RSU (residuos s\u00f3lidos urbanos),  composici\u00f3n, residuos reciclables y separaci\u00f3n. Adem\u00e1s se trabajar\u00e1 sobre ventajas de la separaci\u00f3n y tratamiento de RSU. Luego se explicar\u00e1 qu\u00e9 residuos se pueden compostar, los distintos tipos de compost (seg\u00fan momento del proceso en el que se encuentra y seg\u00fan el material de origen), el proceso de compostaje (etapas, variables que intervienen, tipos-modelos de compostera, cu\u00e1ndo y c\u00f3mo cosechar el compost), usos del compost. Finalmente, se contar\u00e1 la experiencia de quienes actualmente est\u00e1n realizando la separaci\u00f3n de residuos y elaboraci\u00f3n de compost.<\/p>\n<p>El evento tambi\u00e9n es acompa\u00f1ado por la Municipalidad de San Pedro.<\/p>\n","protected":false},"excerpt":{"rendered":"<p>El martes 10 de julio se realizar\u00e1 a las 14 horas en la Agencia del INTA San Pedro (en Mitre 299), una jornada sobre compostaje hogare\u00f1o y reducci\u00f3n de residuos domiciliarios. Se trata de una ecuaci\u00f3n perfecta para reducir los deshechos del hogar, valorizando lo que se puede reciclar, ya sea porque puede transformarse en [&hellip;]<\/p>\n","protected":false},"author":4,"featured_media":36078,"comment_status":"open","ping_status":"closed","sticky":false,"template":"","format":"standard","meta":{"om_disable_all_campaigns":false,"_jetpack_memberships_contains_paid_content":false,"footnotes":""},"categories":[101,2],"tags":[],"class_list":["post-36076","post","type-post","status-publish","format-standard","has-post-thumbnail","hentry","category-interes-general-locales","category-locales"],"aioseo_notices":[],"gutentor_comment":0,"jetpack_featured_media_url":"https:\/\/eldiariodesanpedro.com.ar\/sitio\/wp-content\/uploads\/2018\/07\/unnamed-2.jpg","jetpack_shortlink":"https:\/\/wp.me\/p6RhLt-9nS","jetpack_sharing_enabled":true,"_links":{"self":[{"href":"https:\/\/eldiariodesanpedro.com.ar\/sitio\/wp-json\/wp\/v2\/posts\/36076","targetHints":{"allow":["GET"]}}],"collection":[{"href":"https:\/\/eldiariodesanpedro.com.ar\/sitio\/wp-json\/wp\/v2\/posts"}],"about":[{"href":"https:\/\/eldiariodesanpedro.com.ar\/sitio\/wp-json\/wp\/v2\/types\/post"}],"author":[{"embeddable":true,"href":"https:\/\/eldiariodesanpedro.com.ar\/sitio\/wp-json\/wp\/v2\/users\/4"}],"replies":[{"embeddable":true,"href":"https:\/\/eldiariodesanpedro.com.ar\/sitio\/wp-json\/wp\/v2\/comments?post=36076"}],"version-history":[{"count":1,"href":"https:\/\/eldiariodesanpedro.com.ar\/sitio\/wp-json\/wp\/v2\/posts\/36076\/revisions"}],"predecessor-version":[{"id":36079,"href":"https:\/\/eldiariodesanpedro.com.ar\/sitio\/wp-json\/wp\/v2\/posts\/36076\/revisions\/36079"}],"wp:featuredmedia":[{"embeddable":true,"href":"https:\/\/eldiariodesanpedro.com.ar\/sitio\/wp-json\/wp\/v2\/media\/36078"}],"wp:attachment":[{"href":"https:\/\/eldiariodesanpedro.com.ar\/sitio\/wp-json\/wp\/v2\/media?parent=36076"}],"wp:term":[{"taxonomy":"category","embeddable":true,"href":"https:\/\/eldiariodesanpedro.com.ar\/sitio\/wp-json\/wp\/v2\/categories?post=36076"},{"taxonomy":"post_tag","embeddable":true,"href":"https:\/\/eldiariodesanpedro.com.ar\/sitio\/wp-json\/wp\/v2\/tags?post=36076"}],"curies":[{"name":"wp","href":"https:\/\/api.w.org\/{rel}","templated":true}]}}