{"id":36075,"date":"2018-07-07T11:31:39","date_gmt":"2018-07-07T14:31:39","guid":{"rendered":"https:\/\/eldiariodesanpedro.com.ar\/sitio\/?p=36075"},"modified":"2018-07-07T11:31:39","modified_gmt":"2018-07-07T14:31:39","slug":"un-adolescente-aprehendido-por-ingresar-al-galpon-de-ramon-rosa","status":"publish","type":"post","link":"https:\/\/eldiariodesanpedro.com.ar\/sitio\/un-adolescente-aprehendido-por-ingresar-al-galpon-de-ramon-rosa\/","title":{"rendered":"Un adolescente aprehendido por ingresar al galp\u00f3n de Ram\u00f3n Rosa"},"content":{"rendered":"<p><!-- VideographyWP Plugin Message: Automatic video embedding prevented by plugin options. --><br \/>\nEsta madrugada, personal policial es alertado por un ciudadano que resulta ser sereno del Galp\u00f3n de la playa de camiones sito en Pellegrini y Juan B justo, propiedad de la firma de Ram\u00f3n Rosa S.A  que un joven hab\u00eda ingresado tras escalar los muros de material del lugar.<\/p>\n<p>Tras r\u00e1pido acceder de los efectivos, proceden a la aprehensi\u00f3n del adolescente y mantenida comunicaci\u00f3n con magistrado en intervenci\u00f3n, mismo dispone notificaci\u00f3n al menor del delito y entrega a sus progenitores.<\/p>\n","protected":false},"excerpt":{"rendered":"<p>Esta madrugada, personal policial es alertado por un ciudadano que resulta ser sereno del Galp\u00f3n de la playa de camiones sito en Pellegrini y Juan B justo, propiedad de la firma de Ram\u00f3n Rosa S.A que un joven hab\u00eda ingresado tras escalar los muros de material del lugar. Tras r\u00e1pido acceder de los efectivos, proceden [&hellip;]<\/p>\n","protected":false},"author":4,"featured_media":30195,"comment_status":"open","ping_status":"closed","sticky":false,"template":"","format":"standard","meta":{"om_disable_all_campaigns":false,"_jetpack_memberships_contains_paid_content":false,"footnotes":""},"categories":[50,2,103],"tags":[],"class_list":["post-36075","post","type-post","status-publish","format-standard","has-post-thumbnail","hentry","category-destacadas","category-locales","category-policiales-locales"],"aioseo_notices":[],"gutentor_comment":0,"jetpack_featured_media_url":"https:\/\/eldiariodesanpedro.com.ar\/sitio\/wp-content\/uploads\/2018\/03\/Aprehendido-y-ofuscado.jpg","jetpack_shortlink":"https:\/\/wp.me\/p6RhLt-9nR","jetpack_sharing_enabled":true,"_links":{"self":[{"href":"https:\/\/eldiariodesanpedro.com.ar\/sitio\/wp-json\/wp\/v2\/posts\/36075","targetHints":{"allow":["GET"]}}],"collection":[{"href":"https:\/\/eldiariodesanpedro.com.ar\/sitio\/wp-json\/wp\/v2\/posts"}],"about":[{"href":"https:\/\/eldiariodesanpedro.com.ar\/sitio\/wp-json\/wp\/v2\/types\/post"}],"author":[{"embeddable":true,"href":"https:\/\/eldiariodesanpedro.com.ar\/sitio\/wp-json\/wp\/v2\/users\/4"}],"replies":[{"embeddable":true,"href":"https:\/\/eldiariodesanpedro.com.ar\/sitio\/wp-json\/wp\/v2\/comments?post=36075"}],"version-history":[{"count":1,"href":"https:\/\/eldiariodesanpedro.com.ar\/sitio\/wp-json\/wp\/v2\/posts\/36075\/revisions"}],"predecessor-version":[{"id":36077,"href":"https:\/\/eldiariodesanpedro.com.ar\/sitio\/wp-json\/wp\/v2\/posts\/36075\/revisions\/36077"}],"wp:featuredmedia":[{"embeddable":true,"href":"https:\/\/eldiariodesanpedro.com.ar\/sitio\/wp-json\/wp\/v2\/media\/30195"}],"wp:attachment":[{"href":"https:\/\/eldiariodesanpedro.com.ar\/sitio\/wp-json\/wp\/v2\/media?parent=36075"}],"wp:term":[{"taxonomy":"category","embeddable":true,"href":"https:\/\/eldiariodesanpedro.com.ar\/sitio\/wp-json\/wp\/v2\/categories?post=36075"},{"taxonomy":"post_tag","embeddable":true,"href":"https:\/\/eldiariodesanpedro.com.ar\/sitio\/wp-json\/wp\/v2\/tags?post=36075"}],"curies":[{"name":"wp","href":"https:\/\/api.w.org\/{rel}","templated":true}]}}