{"id":3605,"date":"2016-04-24T16:16:25","date_gmt":"2016-04-24T19:16:25","guid":{"rendered":"https:\/\/eldiariodesanpedro.com.ar\/sitio\/?p=3605"},"modified":"2016-04-24T16:16:25","modified_gmt":"2016-04-24T19:16:25","slug":"el-municipio-lanzara-una-aplicacion-para-reclamos","status":"publish","type":"post","link":"https:\/\/eldiariodesanpedro.com.ar\/sitio\/el-municipio-lanzara-una-aplicacion-para-reclamos\/","title":{"rendered":"El municipio lanzar\u00e1 una aplicaci\u00f3n para reclamos"},"content":{"rendered":"<p><!-- VideographyWP Plugin Message: Automatic video embedding prevented by plugin options. --><br \/>\nSobre ello, el Director de Modernizaci\u00f3n de la Municipalidad, explic\u00f3: \u201cVenimos implementando, est\u00e1 en modo beta (de prueba), una aplicaci\u00f3n para celulares para hacer reclamos que tambi\u00e9n se podr\u00e1 hacer a trav\u00e9s de la p\u00e1gina de la municipalidad\u201d.<br \/>\nY en ese sentido, ejemplific\u00f3: \u201cP\u00e9rdidas de agua, de poda, de se\u00f1alizaci\u00f3n vial, lo que tiene que ver con bromatolog\u00eda, p\u00e9rdida de agua en la puerta de su casa\u201d.<br \/>\nAl tiempo que manifest\u00f3: \u201cEstamos en la parte de implementaci\u00f3n del centro en donde van a llegar todos los reclamos. Hubo que comprar m\u00e1quinas porque no hab\u00eda, estamos digitalizando \u00e1reas, se contrat\u00f3 un mejor servicio de internet\u201d. \u201cEse servicio se va a estar implementando a la brevedad\u201d.<br \/>\nSeguidamente asever\u00f3 que el objetivo es que \u201cel vecino que hoy lo hace mediante una nota y eso va girando por varios lugares, lo pueda hacer desde su casa en cualquier horario mediante un tel\u00e9fono o en la calle en tiempo real\u201d y \u201ctambi\u00e9n podr\u00e1 enviar una foto\u201d.<\/p>\n","protected":false},"excerpt":{"rendered":"<p>Sobre ello, el Director de Modernizaci\u00f3n de la Municipalidad, explic\u00f3: \u201cVenimos implementando, est\u00e1 en modo beta (de prueba), una aplicaci\u00f3n para celulares para hacer reclamos que tambi\u00e9n se podr\u00e1 hacer a trav\u00e9s de la p\u00e1gina de la municipalidad\u201d. Y en ese sentido, ejemplific\u00f3: \u201cP\u00e9rdidas de agua, de poda, de se\u00f1alizaci\u00f3n vial, lo que tiene que [&hellip;]<\/p>\n","protected":false},"author":4,"featured_media":3606,"comment_status":"open","ping_status":"closed","sticky":false,"template":"","format":"standard","meta":{"om_disable_all_campaigns":false,"_jetpack_memberships_contains_paid_content":false,"footnotes":""},"categories":[101,2],"tags":[],"class_list":["post-3605","post","type-post","status-publish","format-standard","has-post-thumbnail","hentry","category-interes-general-locales","category-locales"],"aioseo_notices":[],"gutentor_comment":0,"jetpack_featured_media_url":"https:\/\/eldiariodesanpedro.com.ar\/sitio\/wp-content\/uploads\/2016\/04\/snowball.png_1741563511.png","jetpack_shortlink":"https:\/\/wp.me\/p6RhLt-W9","jetpack_sharing_enabled":true,"_links":{"self":[{"href":"https:\/\/eldiariodesanpedro.com.ar\/sitio\/wp-json\/wp\/v2\/posts\/3605","targetHints":{"allow":["GET"]}}],"collection":[{"href":"https:\/\/eldiariodesanpedro.com.ar\/sitio\/wp-json\/wp\/v2\/posts"}],"about":[{"href":"https:\/\/eldiariodesanpedro.com.ar\/sitio\/wp-json\/wp\/v2\/types\/post"}],"author":[{"embeddable":true,"href":"https:\/\/eldiariodesanpedro.com.ar\/sitio\/wp-json\/wp\/v2\/users\/4"}],"replies":[{"embeddable":true,"href":"https:\/\/eldiariodesanpedro.com.ar\/sitio\/wp-json\/wp\/v2\/comments?post=3605"}],"version-history":[{"count":1,"href":"https:\/\/eldiariodesanpedro.com.ar\/sitio\/wp-json\/wp\/v2\/posts\/3605\/revisions"}],"predecessor-version":[{"id":3607,"href":"https:\/\/eldiariodesanpedro.com.ar\/sitio\/wp-json\/wp\/v2\/posts\/3605\/revisions\/3607"}],"wp:featuredmedia":[{"embeddable":true,"href":"https:\/\/eldiariodesanpedro.com.ar\/sitio\/wp-json\/wp\/v2\/media\/3606"}],"wp:attachment":[{"href":"https:\/\/eldiariodesanpedro.com.ar\/sitio\/wp-json\/wp\/v2\/media?parent=3605"}],"wp:term":[{"taxonomy":"category","embeddable":true,"href":"https:\/\/eldiariodesanpedro.com.ar\/sitio\/wp-json\/wp\/v2\/categories?post=3605"},{"taxonomy":"post_tag","embeddable":true,"href":"https:\/\/eldiariodesanpedro.com.ar\/sitio\/wp-json\/wp\/v2\/tags?post=3605"}],"curies":[{"name":"wp","href":"https:\/\/api.w.org\/{rel}","templated":true}]}}