{"id":36045,"date":"2018-07-06T20:12:38","date_gmt":"2018-07-06T23:12:38","guid":{"rendered":"https:\/\/eldiariodesanpedro.com.ar\/sitio\/?p=36045"},"modified":"2018-07-06T20:12:38","modified_gmt":"2018-07-06T23:12:38","slug":"el-municipio-reclamo-a-vialidad-nacional-por-las-averias-en-la-ruta-1001","status":"publish","type":"post","link":"https:\/\/eldiariodesanpedro.com.ar\/sitio\/el-municipio-reclamo-a-vialidad-nacional-por-las-averias-en-la-ruta-1001\/","title":{"rendered":"El Municipio reclam\u00f3 a Vialidad Nacional por las aver\u00edas en la Ruta 1001"},"content":{"rendered":"<p><!-- VideographyWP Plugin Message: Automatic video embedding prevented by plugin options. --><br \/>\nA menos de un a\u00f1o de su reparaci\u00f3n total la cinta asf\u00e1ltica comenz\u00f3 a da\u00f1arse y desde el ejecutivo local adelantaron que no aceptar\u00e1 el final de obra.<\/p>\n<p>  La renovaci\u00f3n total de la cinta asf\u00e1ltica de la Ruta 1001 fue una de las obras m\u00e1s celebradas que se concret\u00f3 ni bien dio inicio la gesti\u00f3n del Intendente Salazar, pero para sorpresa de los usuarios la misma, al poco tiempo de ser habilitada comenz\u00f3 a deteriorarse con una llamativa rapidez.<\/p>\n<p>  Es por eso que desde el Municipio advirtieron a Vialidad Nacional sobre lo que hab\u00eda sucedido con la obra encabezada por la empresa Iarsa.<\/p>\n<p>  Los concejales de todos los bloques hab\u00edan presentado un pedido de informes al respecto.<\/p>\n<p>  \u201cLos t\u00e9cnicos con los que hemos hablado indicaron que habr\u00eda que haber hecho otro tipo de trabajo en esos lugares puntuales, pero donde m\u00e1s deterioro present\u00f3 en estos \u00faltimos a\u00f1os es en los lugares donde m\u00e1s rota estaba originalmente, lo que demuestra que habr\u00eda que haber hecho otro trabajo\u201d, sintetiz\u00f3 el Secretario de Gobierno Silvio Corti en el aire de FM G\u00e9nesis.<\/p>\n<p>  \u201cEvidentemente es un trabajo que no se hizo con las caracter\u00edsticas que necesitaba y naturalmente del alto tr\u00e1nsito que tiene, principalmente tr\u00e1nsito pesado, la deterior\u00f3\u201d.<\/p>\n<p>  \u201cEsta obra, lamentablemente, desde sus or\u00edgenes no ha sido todo lo prolijo que deber\u00eda ser una obra de la importancia que ten\u00eda\u201d.<\/p>\n<p>  \u201cEl Intendente cuando asumi\u00f3 fue a reclamar a Vialidad Nacional por una obra que ten\u00eda destino de tacho de basura, una obra que se anunci\u00f3 varias veces y nunca se hab\u00eda hecho y fue utilizada para una puesta en escena electoral\u201d, record\u00f3 Corti.<\/p>\n<p>  \u201cNuestros reclamos tuvieron respuestas porque Vialidad ya mand\u00f3 un equipo t\u00e9cnico que verific\u00f3 lo que estamos diciendo y audit\u00f3 el sistema de control de peso lo cual demuestra tambi\u00e9n, que m\u00e1s all\u00e1 de que los camiones salen a reglamento, sigue siendo un transporte pesado y la ruta deber\u00eda tener las caracter\u00edsticas que necesita para soportar el tr\u00e1nsito habilitado por ley\u201d, asegur\u00f3.<\/p>\n<p>Fuente: San Pedro Informa &#8211; FM G\u00e9nesis<\/p>\n","protected":false},"excerpt":{"rendered":"<p>A menos de un a\u00f1o de su reparaci\u00f3n total la cinta asf\u00e1ltica comenz\u00f3 a da\u00f1arse y desde el ejecutivo local adelantaron que no aceptar\u00e1 el final de obra. La renovaci\u00f3n total de la cinta asf\u00e1ltica de la Ruta 1001 fue una de las obras m\u00e1s celebradas que se concret\u00f3 ni bien dio inicio la gesti\u00f3n [&hellip;]<\/p>\n","protected":false},"author":4,"featured_media":36046,"comment_status":"open","ping_status":"closed","sticky":false,"template":"","format":"standard","meta":{"om_disable_all_campaigns":false,"_jetpack_memberships_contains_paid_content":false,"footnotes":""},"categories":[50,101,2],"tags":[],"class_list":["post-36045","post","type-post","status-publish","format-standard","has-post-thumbnail","hentry","category-destacadas","category-interes-general-locales","category-locales"],"aioseo_notices":[],"gutentor_comment":0,"jetpack_featured_media_url":"https:\/\/eldiariodesanpedro.com.ar\/sitio\/wp-content\/uploads\/2018\/07\/La-Ruta-1001-deteriorada-.jpg","jetpack_shortlink":"https:\/\/wp.me\/p6RhLt-9nn","jetpack_sharing_enabled":true,"_links":{"self":[{"href":"https:\/\/eldiariodesanpedro.com.ar\/sitio\/wp-json\/wp\/v2\/posts\/36045","targetHints":{"allow":["GET"]}}],"collection":[{"href":"https:\/\/eldiariodesanpedro.com.ar\/sitio\/wp-json\/wp\/v2\/posts"}],"about":[{"href":"https:\/\/eldiariodesanpedro.com.ar\/sitio\/wp-json\/wp\/v2\/types\/post"}],"author":[{"embeddable":true,"href":"https:\/\/eldiariodesanpedro.com.ar\/sitio\/wp-json\/wp\/v2\/users\/4"}],"replies":[{"embeddable":true,"href":"https:\/\/eldiariodesanpedro.com.ar\/sitio\/wp-json\/wp\/v2\/comments?post=36045"}],"version-history":[{"count":1,"href":"https:\/\/eldiariodesanpedro.com.ar\/sitio\/wp-json\/wp\/v2\/posts\/36045\/revisions"}],"predecessor-version":[{"id":36047,"href":"https:\/\/eldiariodesanpedro.com.ar\/sitio\/wp-json\/wp\/v2\/posts\/36045\/revisions\/36047"}],"wp:featuredmedia":[{"embeddable":true,"href":"https:\/\/eldiariodesanpedro.com.ar\/sitio\/wp-json\/wp\/v2\/media\/36046"}],"wp:attachment":[{"href":"https:\/\/eldiariodesanpedro.com.ar\/sitio\/wp-json\/wp\/v2\/media?parent=36045"}],"wp:term":[{"taxonomy":"category","embeddable":true,"href":"https:\/\/eldiariodesanpedro.com.ar\/sitio\/wp-json\/wp\/v2\/categories?post=36045"},{"taxonomy":"post_tag","embeddable":true,"href":"https:\/\/eldiariodesanpedro.com.ar\/sitio\/wp-json\/wp\/v2\/tags?post=36045"}],"curies":[{"name":"wp","href":"https:\/\/api.w.org\/{rel}","templated":true}]}}