{"id":36030,"date":"2018-07-06T15:14:43","date_gmt":"2018-07-06T18:14:43","guid":{"rendered":"https:\/\/eldiariodesanpedro.com.ar\/sitio\/?p=36030"},"modified":"2018-07-06T15:14:43","modified_gmt":"2018-07-06T18:14:43","slug":"recomendaciones-a-los-vecinos-por-inspecciones-de-fugas-de-litoral-gas","status":"publish","type":"post","link":"https:\/\/eldiariodesanpedro.com.ar\/sitio\/recomendaciones-a-los-vecinos-por-inspecciones-de-fugas-de-litoral-gas\/","title":{"rendered":"Recomendaciones a los vecinos por inspecciones de fugas de Litoral GAS"},"content":{"rendered":"<p><!-- VideographyWP Plugin Message: Automatic video embedding prevented by plugin options. --><br \/>\nLa Municipalidad de San Pedro informa que desde Litoral Gas anunciaron que se realizar\u00e1n durante los meses de Julio y Agosto, procedimientos de b\u00fasqueda sistem\u00e1tica de fugas de gas en diferentes zonas de la ciudad.<\/p>\n<p>Adem\u00e1s recuerdan que es altamente recomendable en todos los domicilios, revisar las instalaciones, recurriendo a gasistas matriculados, especialmente en los gabinetes de medici\u00f3n.<\/p>\n<p>Por otro lado se informa que el personal de Litoral Gas no debe ingresar a las viviendas bajo ning\u00fan concepto y que estas tareas se realizan para localizar y eventualmente reparar p\u00e9rdidas en la red de Media Presi\u00f3n que abastece a los inmuebles particulares.<\/p>\n<p>El relevamiento incluye la detecci\u00f3n de fugas bajo vereda sobre las instalaciones propiedad de Litoral Gas, ca\u00f1er\u00edas principales y conexiones a cada domicilio, como as\u00ed tambi\u00e9n las que puedan localizarse dentro del gabinete sobre el frente de la vivienda donde se alojan instalaciones propiedad del cliente.<\/p>\n<p>La difusi\u00f3n de esta campa\u00f1a con ancitipaci\u00f3n, tiene por objetivo adem\u00e1s permitirle a los vecinos tomar las medidas correspondientes para evitar cortes preventivos a suministros domiciliarios que solo podr\u00e1n ser restituidos por personal de Litoral Gas una vez se haya dado intervenci\u00f3n a un gasista matriculado y regularizado la situaci\u00f3n.<\/p>\n","protected":false},"excerpt":{"rendered":"<p>La Municipalidad de San Pedro informa que desde Litoral Gas anunciaron que se realizar\u00e1n durante los meses de Julio y Agosto, procedimientos de b\u00fasqueda sistem\u00e1tica de fugas de gas en diferentes zonas de la ciudad. Adem\u00e1s recuerdan que es altamente recomendable en todos los domicilios, revisar las instalaciones, recurriendo a gasistas matriculados, especialmente en los [&hellip;]<\/p>\n","protected":false},"author":4,"featured_media":36031,"comment_status":"open","ping_status":"closed","sticky":false,"template":"","format":"standard","meta":{"om_disable_all_campaigns":false,"_jetpack_memberships_contains_paid_content":false,"footnotes":""},"categories":[101,2],"tags":[],"class_list":["post-36030","post","type-post","status-publish","format-standard","has-post-thumbnail","hentry","category-interes-general-locales","category-locales"],"aioseo_notices":[],"gutentor_comment":0,"jetpack_featured_media_url":"https:\/\/eldiariodesanpedro.com.ar\/sitio\/wp-content\/uploads\/2018\/07\/pastedImage-2-1.png","jetpack_shortlink":"https:\/\/wp.me\/p6RhLt-9n8","jetpack_sharing_enabled":true,"_links":{"self":[{"href":"https:\/\/eldiariodesanpedro.com.ar\/sitio\/wp-json\/wp\/v2\/posts\/36030","targetHints":{"allow":["GET"]}}],"collection":[{"href":"https:\/\/eldiariodesanpedro.com.ar\/sitio\/wp-json\/wp\/v2\/posts"}],"about":[{"href":"https:\/\/eldiariodesanpedro.com.ar\/sitio\/wp-json\/wp\/v2\/types\/post"}],"author":[{"embeddable":true,"href":"https:\/\/eldiariodesanpedro.com.ar\/sitio\/wp-json\/wp\/v2\/users\/4"}],"replies":[{"embeddable":true,"href":"https:\/\/eldiariodesanpedro.com.ar\/sitio\/wp-json\/wp\/v2\/comments?post=36030"}],"version-history":[{"count":1,"href":"https:\/\/eldiariodesanpedro.com.ar\/sitio\/wp-json\/wp\/v2\/posts\/36030\/revisions"}],"predecessor-version":[{"id":36032,"href":"https:\/\/eldiariodesanpedro.com.ar\/sitio\/wp-json\/wp\/v2\/posts\/36030\/revisions\/36032"}],"wp:featuredmedia":[{"embeddable":true,"href":"https:\/\/eldiariodesanpedro.com.ar\/sitio\/wp-json\/wp\/v2\/media\/36031"}],"wp:attachment":[{"href":"https:\/\/eldiariodesanpedro.com.ar\/sitio\/wp-json\/wp\/v2\/media?parent=36030"}],"wp:term":[{"taxonomy":"category","embeddable":true,"href":"https:\/\/eldiariodesanpedro.com.ar\/sitio\/wp-json\/wp\/v2\/categories?post=36030"},{"taxonomy":"post_tag","embeddable":true,"href":"https:\/\/eldiariodesanpedro.com.ar\/sitio\/wp-json\/wp\/v2\/tags?post=36030"}],"curies":[{"name":"wp","href":"https:\/\/api.w.org\/{rel}","templated":true}]}}