{"id":36024,"date":"2018-07-06T11:23:15","date_gmt":"2018-07-06T14:23:15","guid":{"rendered":"https:\/\/eldiariodesanpedro.com.ar\/sitio\/?p=36024"},"modified":"2018-07-06T11:23:15","modified_gmt":"2018-07-06T14:23:15","slug":"exitosa-capacitacion-para-docentes-y-profesionales-de-la-salud-sobre-duelo-en-ninos-y-adolescentes","status":"publish","type":"post","link":"https:\/\/eldiariodesanpedro.com.ar\/sitio\/exitosa-capacitacion-para-docentes-y-profesionales-de-la-salud-sobre-duelo-en-ninos-y-adolescentes\/","title":{"rendered":"Exitosa capacitaci\u00f3n para docentes y profesionales de la salud sobre duelo en ni\u00f1os y adolescentes"},"content":{"rendered":"<p><!-- VideographyWP Plugin Message: Automatic video embedding prevented by plugin options. --><br \/>\nEl pasado mi\u00e9rcoles y jueves la Fundaci\u00f3n AIKEN junto a la Secretar\u00eda de Salud de la Municipalidad de San Pedro realizaron dos capacitaciones sobre duelo en el ni\u00f1os y adolescentes en el sal\u00f3n de la cantina del Club N\u00e1utico. Ambas superaron la capacidad de asistentes, por lo cual se est\u00e1 evaluando junto a la fundaci\u00f3n la programaci\u00f3n nuevas fechas. <\/p>\n<p>Los temas tratados sobre el acompa\u00f1amiento psicol\u00f3gico para ni\u00f1os y adolescentes en duelo, fueron de inter\u00e9s y sensibilidad general, con aportes de casos reales del auditorio, para comprender su abordaje desde una postura profesional. <\/p>\n<p>Los asistentes a ambas capacitaciones recibieron una vez finalizadas un certificado de asistencia por parte de la fundaci\u00f3n y el municipio. <\/p>\n<p>El Secretario de Salud, confirm\u00f3 la necesidad de seguir brindando estas capacitaciones continuas y seguir\u00e1 junto a su equipo en la b\u00fasqueda de nuevas herramientas que puedan mejorar la calidad del trabajo que realizan los vecinos de nuestra localidad.<\/p>\n","protected":false},"excerpt":{"rendered":"<p>El pasado mi\u00e9rcoles y jueves la Fundaci\u00f3n AIKEN junto a la Secretar\u00eda de Salud de la Municipalidad de San Pedro realizaron dos capacitaciones sobre duelo en el ni\u00f1os y adolescentes en el sal\u00f3n de la cantina del Club N\u00e1utico. Ambas superaron la capacidad de asistentes, por lo cual se est\u00e1 evaluando junto a la fundaci\u00f3n [&hellip;]<\/p>\n","protected":false},"author":4,"featured_media":36026,"comment_status":"open","ping_status":"closed","sticky":false,"template":"","format":"standard","meta":{"om_disable_all_campaigns":false,"_jetpack_memberships_contains_paid_content":false,"footnotes":""},"categories":[101,2],"tags":[],"class_list":["post-36024","post","type-post","status-publish","format-standard","has-post-thumbnail","hentry","category-interes-general-locales","category-locales"],"aioseo_notices":[],"gutentor_comment":0,"jetpack_featured_media_url":"https:\/\/eldiariodesanpedro.com.ar\/sitio\/wp-content\/uploads\/2018\/07\/pastedImage-1-3.png","jetpack_shortlink":"https:\/\/wp.me\/p6RhLt-9n2","jetpack_sharing_enabled":true,"_links":{"self":[{"href":"https:\/\/eldiariodesanpedro.com.ar\/sitio\/wp-json\/wp\/v2\/posts\/36024","targetHints":{"allow":["GET"]}}],"collection":[{"href":"https:\/\/eldiariodesanpedro.com.ar\/sitio\/wp-json\/wp\/v2\/posts"}],"about":[{"href":"https:\/\/eldiariodesanpedro.com.ar\/sitio\/wp-json\/wp\/v2\/types\/post"}],"author":[{"embeddable":true,"href":"https:\/\/eldiariodesanpedro.com.ar\/sitio\/wp-json\/wp\/v2\/users\/4"}],"replies":[{"embeddable":true,"href":"https:\/\/eldiariodesanpedro.com.ar\/sitio\/wp-json\/wp\/v2\/comments?post=36024"}],"version-history":[{"count":1,"href":"https:\/\/eldiariodesanpedro.com.ar\/sitio\/wp-json\/wp\/v2\/posts\/36024\/revisions"}],"predecessor-version":[{"id":36027,"href":"https:\/\/eldiariodesanpedro.com.ar\/sitio\/wp-json\/wp\/v2\/posts\/36024\/revisions\/36027"}],"wp:featuredmedia":[{"embeddable":true,"href":"https:\/\/eldiariodesanpedro.com.ar\/sitio\/wp-json\/wp\/v2\/media\/36026"}],"wp:attachment":[{"href":"https:\/\/eldiariodesanpedro.com.ar\/sitio\/wp-json\/wp\/v2\/media?parent=36024"}],"wp:term":[{"taxonomy":"category","embeddable":true,"href":"https:\/\/eldiariodesanpedro.com.ar\/sitio\/wp-json\/wp\/v2\/categories?post=36024"},{"taxonomy":"post_tag","embeddable":true,"href":"https:\/\/eldiariodesanpedro.com.ar\/sitio\/wp-json\/wp\/v2\/tags?post=36024"}],"curies":[{"name":"wp","href":"https:\/\/api.w.org\/{rel}","templated":true}]}}