{"id":36021,"date":"2018-07-06T11:18:51","date_gmt":"2018-07-06T14:18:51","guid":{"rendered":"https:\/\/eldiariodesanpedro.com.ar\/sitio\/?p=36021"},"modified":"2018-07-06T11:18:51","modified_gmt":"2018-07-06T14:18:51","slug":"salazar-y-alvarez-saludaron-a-los-trabajadores-en-el-final-de-la-pavimentacion-de-400-cuadras","status":"publish","type":"post","link":"https:\/\/eldiariodesanpedro.com.ar\/sitio\/salazar-y-alvarez-saludaron-a-los-trabajadores-en-el-final-de-la-pavimentacion-de-400-cuadras\/","title":{"rendered":"Salazar y \u00c1lvarez saludaron a los trabajadores en el final de la pavimentaci\u00f3n de 400 cuadras"},"content":{"rendered":"<p><!-- VideographyWP Plugin Message: Automatic video embedding prevented by plugin options. --><br \/>\nEl Secretario de Coordinaci\u00f3n Ram\u00f3n Salazar y el Secretario de Obras y Servicios P\u00fablicos Ariel Alvarez se acercaron ayer por la tarde a la zona de la Calle Mart\u00edn Fierro donde concluyeron los trabajos de pavimentaci\u00f3n que completaron las 400 cuadras que se vinieron ejecutando durante los \u00faltimos meses.<\/p>\n<p>Salazar habl\u00f3 con el grupo que se encontraba en el lugar y les transmiti\u00f3 el mensaje del Intendente que por una reuni\u00f3n fuera de la ciudad no pudo estar presente. Expres\u00f3 la satisfacci\u00f3n y la emoci\u00f3n por el final de esta obra y por lo que adem\u00e1s represent\u00f3 la misma en barrios humildes que ven\u00edan esper\u00e1ndolas desde  hace tiempo. \u00abVengo a agradecerles y a felicitarlos; es un d\u00eda hist\u00f3rico y como el Intendente no pod\u00eda estar ac\u00e1 me pidi\u00f3 que me acerque para darles su mensaje\u00bb. El Secretario de Coordinaci\u00f3n se\u00f1al\u00f3 tambi\u00e9n que \u00abesperamos poder hacer 400 cuadras m\u00e1s\u00bb y que en breve continuar\u00e1n tareas similares para que todos los barrios de San Pedro accedan a todo lo que genera en sus vidas cotidianas tener el pavimento para entrar y salir de sus casas.<\/p>\n<p>Foto Gentileza Canalweb San Pedro<\/p>\n","protected":false},"excerpt":{"rendered":"<p>El Secretario de Coordinaci\u00f3n Ram\u00f3n Salazar y el Secretario de Obras y Servicios P\u00fablicos Ariel Alvarez se acercaron ayer por la tarde a la zona de la Calle Mart\u00edn Fierro donde concluyeron los trabajos de pavimentaci\u00f3n que completaron las 400 cuadras que se vinieron ejecutando durante los \u00faltimos meses. Salazar habl\u00f3 con el grupo que [&hellip;]<\/p>\n","protected":false},"author":4,"featured_media":36022,"comment_status":"open","ping_status":"closed","sticky":false,"template":"","format":"standard","meta":{"om_disable_all_campaigns":false,"_jetpack_memberships_contains_paid_content":false,"footnotes":""},"categories":[101,2],"tags":[],"class_list":["post-36021","post","type-post","status-publish","format-standard","has-post-thumbnail","hentry","category-interes-general-locales","category-locales"],"aioseo_notices":[],"gutentor_comment":0,"jetpack_featured_media_url":"https:\/\/eldiariodesanpedro.com.ar\/sitio\/wp-content\/uploads\/2018\/07\/pastedImage-3.png","jetpack_shortlink":"https:\/\/wp.me\/p6RhLt-9mZ","jetpack_sharing_enabled":true,"_links":{"self":[{"href":"https:\/\/eldiariodesanpedro.com.ar\/sitio\/wp-json\/wp\/v2\/posts\/36021","targetHints":{"allow":["GET"]}}],"collection":[{"href":"https:\/\/eldiariodesanpedro.com.ar\/sitio\/wp-json\/wp\/v2\/posts"}],"about":[{"href":"https:\/\/eldiariodesanpedro.com.ar\/sitio\/wp-json\/wp\/v2\/types\/post"}],"author":[{"embeddable":true,"href":"https:\/\/eldiariodesanpedro.com.ar\/sitio\/wp-json\/wp\/v2\/users\/4"}],"replies":[{"embeddable":true,"href":"https:\/\/eldiariodesanpedro.com.ar\/sitio\/wp-json\/wp\/v2\/comments?post=36021"}],"version-history":[{"count":1,"href":"https:\/\/eldiariodesanpedro.com.ar\/sitio\/wp-json\/wp\/v2\/posts\/36021\/revisions"}],"predecessor-version":[{"id":36023,"href":"https:\/\/eldiariodesanpedro.com.ar\/sitio\/wp-json\/wp\/v2\/posts\/36021\/revisions\/36023"}],"wp:featuredmedia":[{"embeddable":true,"href":"https:\/\/eldiariodesanpedro.com.ar\/sitio\/wp-json\/wp\/v2\/media\/36022"}],"wp:attachment":[{"href":"https:\/\/eldiariodesanpedro.com.ar\/sitio\/wp-json\/wp\/v2\/media?parent=36021"}],"wp:term":[{"taxonomy":"category","embeddable":true,"href":"https:\/\/eldiariodesanpedro.com.ar\/sitio\/wp-json\/wp\/v2\/categories?post=36021"},{"taxonomy":"post_tag","embeddable":true,"href":"https:\/\/eldiariodesanpedro.com.ar\/sitio\/wp-json\/wp\/v2\/tags?post=36021"}],"curies":[{"name":"wp","href":"https:\/\/api.w.org\/{rel}","templated":true}]}}