{"id":36016,"date":"2018-07-06T11:05:38","date_gmt":"2018-07-06T14:05:38","guid":{"rendered":"https:\/\/eldiariodesanpedro.com.ar\/sitio\/?p=36016"},"modified":"2018-07-06T11:05:38","modified_gmt":"2018-07-06T14:05:38","slug":"baradero-le-robo-la-moto-a-su-ex-pareja-y-la-misma-fue-usada-para-delinquir","status":"publish","type":"post","link":"https:\/\/eldiariodesanpedro.com.ar\/sitio\/baradero-le-robo-la-moto-a-su-ex-pareja-y-la-misma-fue-usada-para-delinquir\/","title":{"rendered":"BARADERO: Le rob\u00f3 la moto a su ex pareja y la misma fue usada para delinquir"},"content":{"rendered":"<p><!-- VideographyWP Plugin Message: Automatic video embedding prevented by plugin options. --><br \/>\nM\u00f3nica es la propietaria de la moto que fue robada en calle Serrano horas antes de que la misma sea utilizada para llevarse la mercader\u00eda que sustrajeron en una carnicer\u00eda. Qui\u00e9n se llev\u00f3 el rodado ser\u00eda su ex pareja, que posee una medida perimetral del lugar. M\u00f3nica, brind\u00f3 su testimonio en Contacto Directo.<\/p>\n<p>\u201cA las 3 de la ma\u00f1ana me llama mi hijo para avisarme que el vecino le hab\u00eda dicho que hab\u00eda entrado el padre a sacar la moto como a la una y monedas. \u00c9l no me hab\u00eda dicho nada porque como era el padre pens\u00f3 que la iba a traer. Entonces yo llamo al 911 y explico la situaci\u00f3n. Habr\u00e1n pasado veinte minutos y apareci\u00f3 la polic\u00eda en mi casa a decirme que apareci\u00f3 la moto\u201d<\/p>\n<p>Para llevarsela, el hombre debi\u00f3 romper la traba de la motocicleta Brava 110cc. La misma estaba en el patio de la vivienda junto a dos motos m\u00e1s que pertenecen a los hijos de M\u00f3nica. \u201cEstaban las motos de los hijos que tenemos en com\u00fan pero se llev\u00f3 la m\u00eda nada mas\u201d expres\u00f3 la damnificada.<\/p>\n<p>El hombre, ex pareja de M\u00f3nica, tiene una medida perimetral por la cual \u00e9l no puede acercarse. \u201c\u00c9l dijo que yo lo quer\u00eda meter preso. \u00c9l tiene una perimetral, no puede acercarse a mi casa, \u00bfc\u00f3mo vas a entrar a robarme?\u201d subray\u00f3.<\/p>\n<p>Quien se llev\u00f3 la motocicleta de la vivienda no fue detenido. Quienes circulaban en la misma transportando la carne robada eran un hijo y un sobrino de \u00e9l. Adem\u00e1s, M\u00f3nica dijo que el hombre en cuesti\u00f3n, tambi\u00e9n le hizo llegar amenazas mediante otras personas.<\/p>\n<p>Lo que disgust\u00f3 a la propietaria es que los delincuentes ya estaban en libertad pero M\u00f3nica a\u00fan no pod\u00eda recuperar su veh\u00edculo.El inconveniente estaba vinculado a que la propietaria solamente ten\u00eda el boleto de compra venta. Ante esto, explic\u00f3 que los papeles a\u00fan est\u00e1n en tr\u00e1mite.<\/p>\n<p>Fuente: Tu Linea Directa<\/p>\n","protected":false},"excerpt":{"rendered":"<p>M\u00f3nica es la propietaria de la moto que fue robada en calle Serrano horas antes de que la misma sea utilizada para llevarse la mercader\u00eda que sustrajeron en una carnicer\u00eda. Qui\u00e9n se llev\u00f3 el rodado ser\u00eda su ex pareja, que posee una medida perimetral del lugar. M\u00f3nica, brind\u00f3 su testimonio en Contacto Directo. \u201cA las [&hellip;]<\/p>\n","protected":false},"author":4,"featured_media":36017,"comment_status":"open","ping_status":"closed","sticky":false,"template":"","format":"standard","meta":{"om_disable_all_campaigns":false,"_jetpack_memberships_contains_paid_content":false,"footnotes":""},"categories":[621],"tags":[],"class_list":["post-36016","post","type-post","status-publish","format-standard","has-post-thumbnail","hentry","category-regionales"],"aioseo_notices":[],"gutentor_comment":0,"jetpack_featured_media_url":"https:\/\/eldiariodesanpedro.com.ar\/sitio\/wp-content\/uploads\/2018\/07\/motoo.jpg","jetpack_shortlink":"https:\/\/wp.me\/p6RhLt-9mU","jetpack_sharing_enabled":true,"_links":{"self":[{"href":"https:\/\/eldiariodesanpedro.com.ar\/sitio\/wp-json\/wp\/v2\/posts\/36016","targetHints":{"allow":["GET"]}}],"collection":[{"href":"https:\/\/eldiariodesanpedro.com.ar\/sitio\/wp-json\/wp\/v2\/posts"}],"about":[{"href":"https:\/\/eldiariodesanpedro.com.ar\/sitio\/wp-json\/wp\/v2\/types\/post"}],"author":[{"embeddable":true,"href":"https:\/\/eldiariodesanpedro.com.ar\/sitio\/wp-json\/wp\/v2\/users\/4"}],"replies":[{"embeddable":true,"href":"https:\/\/eldiariodesanpedro.com.ar\/sitio\/wp-json\/wp\/v2\/comments?post=36016"}],"version-history":[{"count":1,"href":"https:\/\/eldiariodesanpedro.com.ar\/sitio\/wp-json\/wp\/v2\/posts\/36016\/revisions"}],"predecessor-version":[{"id":36018,"href":"https:\/\/eldiariodesanpedro.com.ar\/sitio\/wp-json\/wp\/v2\/posts\/36016\/revisions\/36018"}],"wp:featuredmedia":[{"embeddable":true,"href":"https:\/\/eldiariodesanpedro.com.ar\/sitio\/wp-json\/wp\/v2\/media\/36017"}],"wp:attachment":[{"href":"https:\/\/eldiariodesanpedro.com.ar\/sitio\/wp-json\/wp\/v2\/media?parent=36016"}],"wp:term":[{"taxonomy":"category","embeddable":true,"href":"https:\/\/eldiariodesanpedro.com.ar\/sitio\/wp-json\/wp\/v2\/categories?post=36016"},{"taxonomy":"post_tag","embeddable":true,"href":"https:\/\/eldiariodesanpedro.com.ar\/sitio\/wp-json\/wp\/v2\/tags?post=36016"}],"curies":[{"name":"wp","href":"https:\/\/api.w.org\/{rel}","templated":true}]}}