{"id":36013,"date":"2018-07-06T10:59:28","date_gmt":"2018-07-06T13:59:28","guid":{"rendered":"https:\/\/eldiariodesanpedro.com.ar\/sitio\/?p=36013"},"modified":"2018-07-06T10:59:28","modified_gmt":"2018-07-06T13:59:28","slug":"campana-vecino-sufrio-quemaduras-al-rescatar-a-su-familia-del-fuego","status":"publish","type":"post","link":"https:\/\/eldiariodesanpedro.com.ar\/sitio\/campana-vecino-sufrio-quemaduras-al-rescatar-a-su-familia-del-fuego\/","title":{"rendered":"CAMPANA: Vecino sufri\u00f3 quemaduras al rescatar a su familia del fuego"},"content":{"rendered":"<p><!-- VideographyWP Plugin Message: Automatic video embedding prevented by plugin options. --><br \/>\nUn incendio sorprendi\u00f3 a los habitantes de una vivienda en el B\u00b0 Otamendi. El due\u00f1o de casa result\u00f3 con quemaduras en el cuero cabelludo, la cara y sus manos, al sacar a su mujer e hijos del interior. Bomberos trabajaron con l\u00edneas de presi\u00f3n, extinguiendo las llamas.<br \/>\nEl fuego se desat\u00f3 en una vivienda de la calle Ripa 117 del barrio de Otamendi. Un hombre, desesperado, sufre quemaduras al intentar sacar a su familia del peligro.<\/p>\n<p>Vecinos relataron como Eduardo Alejandro P\u00e9rez ingres\u00f3 desesperado a su hogar, cuando comenz\u00f3 a incendiarse una de las habitaciones, al parecer, por una estufa encendida que alcanz\u00f3 ropa que se estaba secando. <\/p>\n<p>Entonces, el fuego se propag\u00f3 alcanzando muebles. Ante la desesperaci\u00f3n, el propietario sufri\u00f3 quemaduras en el cuero cabelludo, parte de la cara y en una de sus manos. Tambi\u00e9n un vecino que se acerc\u00f3 a colaborar, identificado como Jorge Emens, result\u00f3 con un principio de asfixia por la inhalaci\u00f3n de humo. <\/p>\n<p>Los dem\u00e1s habitantes de la vivienda salieron ilesos. Al lugar arrib\u00f3 el m\u00f3vil 36 de bomberos, a cargo del Jefe Hern\u00e1n Dappiano, procediendo al corte de energ\u00eda el\u00e9ctrica para luego poder sofocar con l\u00edneas devanaderas el siniestro en el interior de la habitaci\u00f3n, donde el fuego era generalizado. <\/p>\n<p>La unidad de rescate 43 arrib\u00f3 al lugar preventivamente, aunque las personas afectadas se negaron a ser trasladadas al hospital. <\/p>\n<p>El m\u00f3vil zona 6 del CP, a cargo del Sargento Gauna, colabor\u00f3 con la seguridad en el lugar.<\/p>\n<p>Fuente: Campana Noticias<\/p>\n","protected":false},"excerpt":{"rendered":"<p>Un incendio sorprendi\u00f3 a los habitantes de una vivienda en el B\u00b0 Otamendi. El due\u00f1o de casa result\u00f3 con quemaduras en el cuero cabelludo, la cara y sus manos, al sacar a su mujer e hijos del interior. Bomberos trabajaron con l\u00edneas de presi\u00f3n, extinguiendo las llamas. El fuego se desat\u00f3 en una vivienda de [&hellip;]<\/p>\n","protected":false},"author":4,"featured_media":36014,"comment_status":"open","ping_status":"closed","sticky":false,"template":"","format":"standard","meta":{"om_disable_all_campaigns":false,"_jetpack_memberships_contains_paid_content":false,"footnotes":""},"categories":[621],"tags":[],"class_list":["post-36013","post","type-post","status-publish","format-standard","has-post-thumbnail","hentry","category-regionales"],"aioseo_notices":[],"gutentor_comment":0,"jetpack_featured_media_url":"https:\/\/eldiariodesanpedro.com.ar\/sitio\/wp-content\/uploads\/2018\/07\/20180704100932.jpg","jetpack_shortlink":"https:\/\/wp.me\/p6RhLt-9mR","jetpack_sharing_enabled":true,"_links":{"self":[{"href":"https:\/\/eldiariodesanpedro.com.ar\/sitio\/wp-json\/wp\/v2\/posts\/36013","targetHints":{"allow":["GET"]}}],"collection":[{"href":"https:\/\/eldiariodesanpedro.com.ar\/sitio\/wp-json\/wp\/v2\/posts"}],"about":[{"href":"https:\/\/eldiariodesanpedro.com.ar\/sitio\/wp-json\/wp\/v2\/types\/post"}],"author":[{"embeddable":true,"href":"https:\/\/eldiariodesanpedro.com.ar\/sitio\/wp-json\/wp\/v2\/users\/4"}],"replies":[{"embeddable":true,"href":"https:\/\/eldiariodesanpedro.com.ar\/sitio\/wp-json\/wp\/v2\/comments?post=36013"}],"version-history":[{"count":1,"href":"https:\/\/eldiariodesanpedro.com.ar\/sitio\/wp-json\/wp\/v2\/posts\/36013\/revisions"}],"predecessor-version":[{"id":36015,"href":"https:\/\/eldiariodesanpedro.com.ar\/sitio\/wp-json\/wp\/v2\/posts\/36013\/revisions\/36015"}],"wp:featuredmedia":[{"embeddable":true,"href":"https:\/\/eldiariodesanpedro.com.ar\/sitio\/wp-json\/wp\/v2\/media\/36014"}],"wp:attachment":[{"href":"https:\/\/eldiariodesanpedro.com.ar\/sitio\/wp-json\/wp\/v2\/media?parent=36013"}],"wp:term":[{"taxonomy":"category","embeddable":true,"href":"https:\/\/eldiariodesanpedro.com.ar\/sitio\/wp-json\/wp\/v2\/categories?post=36013"},{"taxonomy":"post_tag","embeddable":true,"href":"https:\/\/eldiariodesanpedro.com.ar\/sitio\/wp-json\/wp\/v2\/tags?post=36013"}],"curies":[{"name":"wp","href":"https:\/\/api.w.org\/{rel}","templated":true}]}}