{"id":36010,"date":"2018-07-06T10:57:02","date_gmt":"2018-07-06T13:57:02","guid":{"rendered":"https:\/\/eldiariodesanpedro.com.ar\/sitio\/?p=36010"},"modified":"2018-07-06T10:57:02","modified_gmt":"2018-07-06T13:57:02","slug":"zarate-tres-detenidos-por-distribucion-y-venta-de-estupefacientes-en-allanamientos","status":"publish","type":"post","link":"https:\/\/eldiariodesanpedro.com.ar\/sitio\/zarate-tres-detenidos-por-distribucion-y-venta-de-estupefacientes-en-allanamientos\/","title":{"rendered":"Z\u00c1RATE:  Tres detenidos por distribuci\u00f3n y venta de estupefacientes en allanamientos"},"content":{"rendered":"<p><!-- VideographyWP Plugin Message: Automatic video embedding prevented by plugin options. --><br \/>\nLa Direcci\u00f3n Departamental de Investigaciones (DDI) Z\u00e1rate \u2013 Campana, la Delegaci\u00f3n Departamental de Investigaciones de Drogas Il\u00edcitas y Crimen Organizado y Jefatura Departamental, realiz\u00f3 varios operativos en Z\u00e1rate contra el narcotr\u00e1fico.<br \/>\nEn el marco de una causa por transgresi\u00f3n a la Ley 23.737 (tenencia ilegal de estupefacientes para su comercializaci\u00f3n) y de manera conjunta, los efectivos realizaron seis procedimientos que incluyeron cinco allanamientos.<\/p>\n<p>Los objetivos fueron focalizados en barrio Burgar, punto desde donde, de acuerdo a los resultados de la investigaci\u00f3n, se distribu\u00eda la droga y en Villa Fox, lugar de venta.<\/p>\n<p>Tres personas fueron aprehendidas, dos hombres y una mujer, que quedaron imputados en una causa por la comercializaci\u00f3n de estupefacientes en la modalidad de menudeo.<\/p>\n<p>Como resultado de los procedimientos se secuestraron coca\u00edna fraccionada en dosis para la venta y cuatro bolsas  sin fraccionar. Cigarrillos de marihuana, tel\u00e9fonos celulares, una balanza de precisi\u00f3n, dinero en efectivo, recortes de nylon y una pipa de agua.<\/p>\n<p>Fuente: Enlace Critico.com<\/p>\n","protected":false},"excerpt":{"rendered":"<p>La Direcci\u00f3n Departamental de Investigaciones (DDI) Z\u00e1rate \u2013 Campana, la Delegaci\u00f3n Departamental de Investigaciones de Drogas Il\u00edcitas y Crimen Organizado y Jefatura Departamental, realiz\u00f3 varios operativos en Z\u00e1rate contra el narcotr\u00e1fico. En el marco de una causa por transgresi\u00f3n a la Ley 23.737 (tenencia ilegal de estupefacientes para su comercializaci\u00f3n) y de manera conjunta, los [&hellip;]<\/p>\n","protected":false},"author":4,"featured_media":36011,"comment_status":"open","ping_status":"closed","sticky":false,"template":"","format":"standard","meta":{"om_disable_all_campaigns":false,"_jetpack_memberships_contains_paid_content":false,"footnotes":""},"categories":[621],"tags":[],"class_list":["post-36010","post","type-post","status-publish","format-standard","has-post-thumbnail","hentry","category-regionales"],"aioseo_notices":[],"gutentor_comment":0,"jetpack_featured_media_url":"https:\/\/eldiariodesanpedro.com.ar\/sitio\/wp-content\/uploads\/2018\/07\/f255cc9b-18ad-43ee-be00-964aed5ba62a_658x400.jpg","jetpack_shortlink":"https:\/\/wp.me\/p6RhLt-9mO","jetpack_sharing_enabled":true,"_links":{"self":[{"href":"https:\/\/eldiariodesanpedro.com.ar\/sitio\/wp-json\/wp\/v2\/posts\/36010","targetHints":{"allow":["GET"]}}],"collection":[{"href":"https:\/\/eldiariodesanpedro.com.ar\/sitio\/wp-json\/wp\/v2\/posts"}],"about":[{"href":"https:\/\/eldiariodesanpedro.com.ar\/sitio\/wp-json\/wp\/v2\/types\/post"}],"author":[{"embeddable":true,"href":"https:\/\/eldiariodesanpedro.com.ar\/sitio\/wp-json\/wp\/v2\/users\/4"}],"replies":[{"embeddable":true,"href":"https:\/\/eldiariodesanpedro.com.ar\/sitio\/wp-json\/wp\/v2\/comments?post=36010"}],"version-history":[{"count":1,"href":"https:\/\/eldiariodesanpedro.com.ar\/sitio\/wp-json\/wp\/v2\/posts\/36010\/revisions"}],"predecessor-version":[{"id":36012,"href":"https:\/\/eldiariodesanpedro.com.ar\/sitio\/wp-json\/wp\/v2\/posts\/36010\/revisions\/36012"}],"wp:featuredmedia":[{"embeddable":true,"href":"https:\/\/eldiariodesanpedro.com.ar\/sitio\/wp-json\/wp\/v2\/media\/36011"}],"wp:attachment":[{"href":"https:\/\/eldiariodesanpedro.com.ar\/sitio\/wp-json\/wp\/v2\/media?parent=36010"}],"wp:term":[{"taxonomy":"category","embeddable":true,"href":"https:\/\/eldiariodesanpedro.com.ar\/sitio\/wp-json\/wp\/v2\/categories?post=36010"},{"taxonomy":"post_tag","embeddable":true,"href":"https:\/\/eldiariodesanpedro.com.ar\/sitio\/wp-json\/wp\/v2\/tags?post=36010"}],"curies":[{"name":"wp","href":"https:\/\/api.w.org\/{rel}","templated":true}]}}