{"id":36003,"date":"2018-07-06T10:41:27","date_gmt":"2018-07-06T13:41:27","guid":{"rendered":"https:\/\/eldiariodesanpedro.com.ar\/sitio\/?p=36003"},"modified":"2018-07-06T10:41:27","modified_gmt":"2018-07-06T13:41:27","slug":"san-nicolas-empeoran-las-expectativas-de-empleo-en-san-nicolas","status":"publish","type":"post","link":"https:\/\/eldiariodesanpedro.com.ar\/sitio\/san-nicolas-empeoran-las-expectativas-de-empleo-en-san-nicolas\/","title":{"rendered":"SAN NICOL\u00c1S: Empeoran las expectativas de empleo en San Nicol\u00e1s"},"content":{"rendered":"<p><!-- VideographyWP Plugin Message: Automatic video embedding prevented by plugin options. --><br \/>\nLa ca\u00edda en las ventas sumado a la incertidumbre que generan las actuales condiciones macro econ\u00f3micas anticipan una segunda parte del a\u00f1o con menor actividad econ\u00f3mica en la regi\u00f3n. En nuestra ciudad se mantiene constante la p\u00e9rdida de puestos de trabajo por cese de contratos en pymes de diferentes rubros. En el primer trimestre del a\u00f1o el Empleo en San Nicol\u00e1s cay\u00f3 2,3 % en relaci\u00f3n al \u00faltimo trimestre de 2017.<\/p>\n<p>De acuerdo a los indicadores socioecon\u00f3micos correspondiente al primer trimestre de 2018 que dio a conocer el \u00faltimo informe del INDEC, el aglomerado San Nicol\u00e1s-Villa Constituci\u00f3n muestra una fuerte ca\u00edda de la tasa de \u00abEmpleo\u00bb en comparaci\u00f3n con el \u00faltimo trimestre de 2017, la cual pas\u00f3 de 42,3 % a 40,0%. Este registro corresponde a una poblaci\u00f3n total de 187.000 habitantes, dentro de la cual hay 80.000 personas econ\u00f3micamente activas. La poblaci\u00f3n ocupada es 75.000 y los desocupados son 5.000. Entre los 75.000 ocupados hay 7.000 personas que demandan empleo, y 6.000 subocupados.<\/p>\n<p>Estos indicadores preceden a un segundo semestre m\u00e1s complicado, dado que hasta el propio gobierno estima una ca\u00edda de la actividad y -como consecuencia de ello- menos empleo. En San Nicol\u00e1s hay escenarios puntuales que desalientan cualquier repunte en la tasa de Empleo. De hecho, y si bien no hay registros oficiales en el sector, en la peque\u00f1a y mediana industria (y tambi\u00e9n en algunas de las grandes) se viene sosteniendo una especie de \u00abgoteo\u00bb en la poblaci\u00f3n ocupada. En la mayor\u00eda de los casos obedece a la no renovaci\u00f3n de contratos como mecanismo para bajar costos en tiempos de retracci\u00f3n de la producci\u00f3n. Ello ha ocurrido en la planta que Motomel posee en La Emilia, donde en mayo se desvincul\u00f3 a unos 130 operarios como consecuencia del enfriamiento del mercado. En tanto se espera que durante las dos \u00faltimas semanas de julio se otorgue vacaciones adelantas (y obligadas) al resto del personal con el objeto de equilibrar el stock. Al caer las ventas, lo que se busca el frenar la producci\u00f3n para no sobre stockearse de productos que no tienen salida.<\/p>\n<p>Rumores y realidad<\/p>\n<p>Los rumores de suspensiones y\/o despidos se expanden a diferentes pymes radicadas en nuestra ciudad. Consultadas por este medio, diferentes fuentes gremiales sostienen que este escenario de bajas de contratos es habitual y -en algunos casos- estacional. Pero no se niega ese goteo que impacta en la menor tasa de empleo.<\/p>\n<p>En el sector de construcci\u00f3n de emprendimientos privados el panorama tambi\u00e9n se registra menor actividad. Incluso, ello ha aumentado la disponibilidad de alba\u00f1iles, plomeros y gasistas para trabajos particulares.<\/p>\n<p>La ca\u00edda del consumo y de la actividad general tambi\u00e9n impacta en el comercio de nuestra ciudad, donde cada vez hay m\u00e1s negocios atendidos por sus propios due\u00f1os. Este escenario se combina con las dificultades que atraviesan empresas de diferentes rubros para cumplir con la cadena de pagos, lo que provoca que hoy los salarios se paguen en dos, tres o m\u00e1s cuotas. El caso emblem\u00e1tico es el de la Cl\u00ednica San Nicol\u00e1s, aunque se repite en otras empresas de servicios.<\/p>\n<p>Quejas formales<\/p>\n<p>Los empresarios industriales esta semana advirtieron que la recesi\u00f3n fabril que promete instalarse en el segundo semestre del a\u00f1o provocar\u00e1 la p\u00e9rdida de miles de empleos que ya empezaron a manifestarse en distintos rubros en crisis. Seg\u00fan informes internos de la UIA, la contracci\u00f3n en los puestos de trabajo se multiplic\u00f3 a un promedio de 3.000 por mes, lo que elevar\u00eda para fin de a\u00f1o a m\u00e1s de 90.000 la ca\u00edda desde el inicio de la gesti\u00f3n de Mauricio Macri.<\/p>\n<p>Seg\u00fan las estad\u00edsticas oficiales publicadas por el Indec, la actividad industrial comenz\u00f3 a mostrar la fase en retracci\u00f3n con una ca\u00edda del 1,2% en comparaci\u00f3n interanual. La p\u00e9rdida de producci\u00f3n implic\u00f3 la reducci\u00f3n de puestos de trabajo en las f\u00e1bricas. Y si bien desde el Gobierno elogiaban el crecimiento del empleo total, el reemplazo del empleo industrial fue por un incremento de los monotributistas. \u00abYa se observa un aumento en la morosidad del pago en Afip porque no hay mercado interno para las f\u00e1bricas ni para el empleo semi informal\u00bb, manifest\u00f3 un alto dirigente de la UIA.<\/p>\n<p>Fuente: <a href=\"http:\/\/www.diarioelnorte.com.ar\/nota69481_empeoran-las-expectativas--de-empleo-en-san-nicolas.html\">Diario El Norte<\/a><\/p>\n","protected":false},"excerpt":{"rendered":"<p>La ca\u00edda en las ventas sumado a la incertidumbre que generan las actuales condiciones macro econ\u00f3micas anticipan una segunda parte del a\u00f1o con menor actividad econ\u00f3mica en la regi\u00f3n. En nuestra ciudad se mantiene constante la p\u00e9rdida de puestos de trabajo por cese de contratos en pymes de diferentes rubros. En el primer trimestre del [&hellip;]<\/p>\n","protected":false},"author":4,"featured_media":36004,"comment_status":"open","ping_status":"closed","sticky":false,"template":"","format":"standard","meta":{"om_disable_all_campaigns":false,"_jetpack_memberships_contains_paid_content":false,"footnotes":""},"categories":[621],"tags":[],"class_list":["post-36003","post","type-post","status-publish","format-standard","has-post-thumbnail","hentry","category-regionales"],"aioseo_notices":[],"gutentor_comment":0,"jetpack_featured_media_url":"https:\/\/eldiariodesanpedro.com.ar\/sitio\/wp-content\/uploads\/2018\/07\/elnorte5b3f2b6b49d42_2-empleo.jpg","jetpack_shortlink":"https:\/\/wp.me\/p6RhLt-9mH","jetpack_sharing_enabled":true,"_links":{"self":[{"href":"https:\/\/eldiariodesanpedro.com.ar\/sitio\/wp-json\/wp\/v2\/posts\/36003","targetHints":{"allow":["GET"]}}],"collection":[{"href":"https:\/\/eldiariodesanpedro.com.ar\/sitio\/wp-json\/wp\/v2\/posts"}],"about":[{"href":"https:\/\/eldiariodesanpedro.com.ar\/sitio\/wp-json\/wp\/v2\/types\/post"}],"author":[{"embeddable":true,"href":"https:\/\/eldiariodesanpedro.com.ar\/sitio\/wp-json\/wp\/v2\/users\/4"}],"replies":[{"embeddable":true,"href":"https:\/\/eldiariodesanpedro.com.ar\/sitio\/wp-json\/wp\/v2\/comments?post=36003"}],"version-history":[{"count":1,"href":"https:\/\/eldiariodesanpedro.com.ar\/sitio\/wp-json\/wp\/v2\/posts\/36003\/revisions"}],"predecessor-version":[{"id":36005,"href":"https:\/\/eldiariodesanpedro.com.ar\/sitio\/wp-json\/wp\/v2\/posts\/36003\/revisions\/36005"}],"wp:featuredmedia":[{"embeddable":true,"href":"https:\/\/eldiariodesanpedro.com.ar\/sitio\/wp-json\/wp\/v2\/media\/36004"}],"wp:attachment":[{"href":"https:\/\/eldiariodesanpedro.com.ar\/sitio\/wp-json\/wp\/v2\/media?parent=36003"}],"wp:term":[{"taxonomy":"category","embeddable":true,"href":"https:\/\/eldiariodesanpedro.com.ar\/sitio\/wp-json\/wp\/v2\/categories?post=36003"},{"taxonomy":"post_tag","embeddable":true,"href":"https:\/\/eldiariodesanpedro.com.ar\/sitio\/wp-json\/wp\/v2\/tags?post=36003"}],"curies":[{"name":"wp","href":"https:\/\/api.w.org\/{rel}","templated":true}]}}