{"id":35999,"date":"2018-07-06T09:51:24","date_gmt":"2018-07-06T12:51:24","guid":{"rendered":"https:\/\/eldiariodesanpedro.com.ar\/sitio\/?p=35999"},"modified":"2018-07-06T09:51:24","modified_gmt":"2018-07-06T12:51:24","slug":"allanamiento-y-detencion","status":"publish","type":"post","link":"https:\/\/eldiariodesanpedro.com.ar\/sitio\/allanamiento-y-detencion\/","title":{"rendered":"Allanamiento y detenci\u00f3n"},"content":{"rendered":"<p><!-- VideographyWP Plugin Message: Automatic video embedding prevented by plugin options. --><br \/>\nEn la tardecita del jueves, en diligencia de allanamiento en calle Ruffa al 500,  se procedi\u00f3 a la detenci\u00f3n de un joven de 25 a\u00f1os, por disposici\u00f3n del Juzgado de Ejecuci\u00f3n Penal de la  Departamental de San Nicolas, donde se dispuso el alojamiento en la Dependencia Local a la espera de remisi\u00f3n a una unidad carcelaria.<\/p>\n","protected":false},"excerpt":{"rendered":"<p>En la tardecita del jueves, en diligencia de allanamiento en calle Ruffa al 500, se procedi\u00f3 a la detenci\u00f3n de un joven de 25 a\u00f1os, por disposici\u00f3n del Juzgado de Ejecuci\u00f3n Penal de la Departamental de San Nicolas, donde se dispuso el alojamiento en la Dependencia Local a la espera de remisi\u00f3n a una unidad [&hellip;]<\/p>\n","protected":false},"author":4,"featured_media":31829,"comment_status":"open","ping_status":"closed","sticky":false,"template":"","format":"standard","meta":{"om_disable_all_campaigns":false,"_jetpack_memberships_contains_paid_content":false,"footnotes":""},"categories":[2,103],"tags":[],"class_list":["post-35999","post","type-post","status-publish","format-standard","has-post-thumbnail","hentry","category-locales","category-policiales-locales"],"aioseo_notices":[],"gutentor_comment":0,"jetpack_featured_media_url":"https:\/\/eldiariodesanpedro.com.ar\/sitio\/wp-content\/uploads\/2018\/04\/detenido_658x400_0.jpg","jetpack_shortlink":"https:\/\/wp.me\/p6RhLt-9mD","jetpack_sharing_enabled":true,"_links":{"self":[{"href":"https:\/\/eldiariodesanpedro.com.ar\/sitio\/wp-json\/wp\/v2\/posts\/35999","targetHints":{"allow":["GET"]}}],"collection":[{"href":"https:\/\/eldiariodesanpedro.com.ar\/sitio\/wp-json\/wp\/v2\/posts"}],"about":[{"href":"https:\/\/eldiariodesanpedro.com.ar\/sitio\/wp-json\/wp\/v2\/types\/post"}],"author":[{"embeddable":true,"href":"https:\/\/eldiariodesanpedro.com.ar\/sitio\/wp-json\/wp\/v2\/users\/4"}],"replies":[{"embeddable":true,"href":"https:\/\/eldiariodesanpedro.com.ar\/sitio\/wp-json\/wp\/v2\/comments?post=35999"}],"version-history":[{"count":1,"href":"https:\/\/eldiariodesanpedro.com.ar\/sitio\/wp-json\/wp\/v2\/posts\/35999\/revisions"}],"predecessor-version":[{"id":36000,"href":"https:\/\/eldiariodesanpedro.com.ar\/sitio\/wp-json\/wp\/v2\/posts\/35999\/revisions\/36000"}],"wp:featuredmedia":[{"embeddable":true,"href":"https:\/\/eldiariodesanpedro.com.ar\/sitio\/wp-json\/wp\/v2\/media\/31829"}],"wp:attachment":[{"href":"https:\/\/eldiariodesanpedro.com.ar\/sitio\/wp-json\/wp\/v2\/media?parent=35999"}],"wp:term":[{"taxonomy":"category","embeddable":true,"href":"https:\/\/eldiariodesanpedro.com.ar\/sitio\/wp-json\/wp\/v2\/categories?post=35999"},{"taxonomy":"post_tag","embeddable":true,"href":"https:\/\/eldiariodesanpedro.com.ar\/sitio\/wp-json\/wp\/v2\/tags?post=35999"}],"curies":[{"name":"wp","href":"https:\/\/api.w.org\/{rel}","templated":true}]}}