{"id":35997,"date":"2018-07-06T09:30:10","date_gmt":"2018-07-06T12:30:10","guid":{"rendered":"https:\/\/eldiariodesanpedro.com.ar\/sitio\/?p=35997"},"modified":"2018-07-06T09:30:10","modified_gmt":"2018-07-06T12:30:10","slug":"robaron-una-moto","status":"publish","type":"post","link":"https:\/\/eldiariodesanpedro.com.ar\/sitio\/robaron-una-moto\/","title":{"rendered":"Robaron una moto"},"content":{"rendered":"<p><!-- VideographyWP Plugin Message: Automatic video embedding prevented by plugin options. --><br \/>\nEl hecho ocurri\u00f3, este jueves a las 00hs, cuando un ciudadano fue a visitar a su amigo, domiciliado en calle Alvear al 1600,  dejando su motocicleta marca Mondial 110cc estacionada afuera de la casa, a la hora cuando se iba a ir, constata que delincuentes le hab\u00edan sustra\u00eddo su rodado.<\/p>\n<p>Radico su denuncia en Comisar\u00eda Local y se dispuso a intervenci\u00f3n de la Fiscal\u00eda N\u00ba11.<\/p>\n","protected":false},"excerpt":{"rendered":"<p>El hecho ocurri\u00f3, este jueves a las 00hs, cuando un ciudadano fue a visitar a su amigo, domiciliado en calle Alvear al 1600, dejando su motocicleta marca Mondial 110cc estacionada afuera de la casa, a la hora cuando se iba a ir, constata que delincuentes le hab\u00edan sustra\u00eddo su rodado. Radico su denuncia en Comisar\u00eda [&hellip;]<\/p>\n","protected":false},"author":4,"featured_media":35887,"comment_status":"open","ping_status":"closed","sticky":false,"template":"","format":"standard","meta":{"om_disable_all_campaigns":false,"_jetpack_memberships_contains_paid_content":false,"footnotes":""},"categories":[2,103],"tags":[],"class_list":["post-35997","post","type-post","status-publish","format-standard","has-post-thumbnail","hentry","category-locales","category-policiales-locales"],"aioseo_notices":[],"gutentor_comment":0,"jetpack_featured_media_url":"https:\/\/eldiariodesanpedro.com.ar\/sitio\/wp-content\/uploads\/2018\/07\/policia002-850x450.jpg","jetpack_shortlink":"https:\/\/wp.me\/p6RhLt-9mB","jetpack_sharing_enabled":true,"_links":{"self":[{"href":"https:\/\/eldiariodesanpedro.com.ar\/sitio\/wp-json\/wp\/v2\/posts\/35997","targetHints":{"allow":["GET"]}}],"collection":[{"href":"https:\/\/eldiariodesanpedro.com.ar\/sitio\/wp-json\/wp\/v2\/posts"}],"about":[{"href":"https:\/\/eldiariodesanpedro.com.ar\/sitio\/wp-json\/wp\/v2\/types\/post"}],"author":[{"embeddable":true,"href":"https:\/\/eldiariodesanpedro.com.ar\/sitio\/wp-json\/wp\/v2\/users\/4"}],"replies":[{"embeddable":true,"href":"https:\/\/eldiariodesanpedro.com.ar\/sitio\/wp-json\/wp\/v2\/comments?post=35997"}],"version-history":[{"count":1,"href":"https:\/\/eldiariodesanpedro.com.ar\/sitio\/wp-json\/wp\/v2\/posts\/35997\/revisions"}],"predecessor-version":[{"id":35998,"href":"https:\/\/eldiariodesanpedro.com.ar\/sitio\/wp-json\/wp\/v2\/posts\/35997\/revisions\/35998"}],"wp:featuredmedia":[{"embeddable":true,"href":"https:\/\/eldiariodesanpedro.com.ar\/sitio\/wp-json\/wp\/v2\/media\/35887"}],"wp:attachment":[{"href":"https:\/\/eldiariodesanpedro.com.ar\/sitio\/wp-json\/wp\/v2\/media?parent=35997"}],"wp:term":[{"taxonomy":"category","embeddable":true,"href":"https:\/\/eldiariodesanpedro.com.ar\/sitio\/wp-json\/wp\/v2\/categories?post=35997"},{"taxonomy":"post_tag","embeddable":true,"href":"https:\/\/eldiariodesanpedro.com.ar\/sitio\/wp-json\/wp\/v2\/tags?post=35997"}],"curies":[{"name":"wp","href":"https:\/\/api.w.org\/{rel}","templated":true}]}}