{"id":35995,"date":"2018-07-06T09:17:42","date_gmt":"2018-07-06T12:17:42","guid":{"rendered":"https:\/\/eldiariodesanpedro.com.ar\/sitio\/?p=35995"},"modified":"2018-07-06T09:17:42","modified_gmt":"2018-07-06T12:17:42","slug":"adolescente-agredida-por-tres-jovenes-en-la-via-publica","status":"publish","type":"post","link":"https:\/\/eldiariodesanpedro.com.ar\/sitio\/adolescente-agredida-por-tres-jovenes-en-la-via-publica\/","title":{"rendered":"Adolescente agredida por tres j\u00f3venes en la v\u00eda p\u00fablica"},"content":{"rendered":"<p><!-- VideographyWP Plugin Message: Automatic video embedding prevented by plugin options. --><br \/>\nEn la noche del jueves, una adolescente de 18 a\u00f1os, denunci\u00f3 en Dependencia Local  que al ir caminando por intersecci\u00f3n de las calles Lucio Mansilla y Benefactora Sampedrina es sorprendida por tres j\u00f3venes las cuales comienzan agredir f\u00edsicamente produci\u00e9ndole lesiones de escoriaciones en el p\u00f3mulo derecho y lesiones en la zona del cuello.<\/p>\n<p>La v\u00edctima dice no reconocer a las agresoras y que solo buscaban una notebook al revisar su mochila, al no encontrarla se dieron a la fuga sin llevarse ning\u00fan otro objeto de la misma.<\/p>\n","protected":false},"excerpt":{"rendered":"<p>En la noche del jueves, una adolescente de 18 a\u00f1os, denunci\u00f3 en Dependencia Local que al ir caminando por intersecci\u00f3n de las calles Lucio Mansilla y Benefactora Sampedrina es sorprendida por tres j\u00f3venes las cuales comienzan agredir f\u00edsicamente produci\u00e9ndole lesiones de escoriaciones en el p\u00f3mulo derecho y lesiones en la zona del cuello. La v\u00edctima [&hellip;]<\/p>\n","protected":false},"author":4,"featured_media":35887,"comment_status":"open","ping_status":"closed","sticky":false,"template":"","format":"standard","meta":{"om_disable_all_campaigns":false,"_jetpack_memberships_contains_paid_content":false,"footnotes":""},"categories":[2,103],"tags":[],"class_list":["post-35995","post","type-post","status-publish","format-standard","has-post-thumbnail","hentry","category-locales","category-policiales-locales"],"aioseo_notices":[],"gutentor_comment":0,"jetpack_featured_media_url":"https:\/\/eldiariodesanpedro.com.ar\/sitio\/wp-content\/uploads\/2018\/07\/policia002-850x450.jpg","jetpack_shortlink":"https:\/\/wp.me\/p6RhLt-9mz","jetpack_sharing_enabled":true,"_links":{"self":[{"href":"https:\/\/eldiariodesanpedro.com.ar\/sitio\/wp-json\/wp\/v2\/posts\/35995","targetHints":{"allow":["GET"]}}],"collection":[{"href":"https:\/\/eldiariodesanpedro.com.ar\/sitio\/wp-json\/wp\/v2\/posts"}],"about":[{"href":"https:\/\/eldiariodesanpedro.com.ar\/sitio\/wp-json\/wp\/v2\/types\/post"}],"author":[{"embeddable":true,"href":"https:\/\/eldiariodesanpedro.com.ar\/sitio\/wp-json\/wp\/v2\/users\/4"}],"replies":[{"embeddable":true,"href":"https:\/\/eldiariodesanpedro.com.ar\/sitio\/wp-json\/wp\/v2\/comments?post=35995"}],"version-history":[{"count":1,"href":"https:\/\/eldiariodesanpedro.com.ar\/sitio\/wp-json\/wp\/v2\/posts\/35995\/revisions"}],"predecessor-version":[{"id":35996,"href":"https:\/\/eldiariodesanpedro.com.ar\/sitio\/wp-json\/wp\/v2\/posts\/35995\/revisions\/35996"}],"wp:featuredmedia":[{"embeddable":true,"href":"https:\/\/eldiariodesanpedro.com.ar\/sitio\/wp-json\/wp\/v2\/media\/35887"}],"wp:attachment":[{"href":"https:\/\/eldiariodesanpedro.com.ar\/sitio\/wp-json\/wp\/v2\/media?parent=35995"}],"wp:term":[{"taxonomy":"category","embeddable":true,"href":"https:\/\/eldiariodesanpedro.com.ar\/sitio\/wp-json\/wp\/v2\/categories?post=35995"},{"taxonomy":"post_tag","embeddable":true,"href":"https:\/\/eldiariodesanpedro.com.ar\/sitio\/wp-json\/wp\/v2\/tags?post=35995"}],"curies":[{"name":"wp","href":"https:\/\/api.w.org\/{rel}","templated":true}]}}