{"id":3599,"date":"2016-04-24T16:13:06","date_gmt":"2016-04-24T19:13:06","guid":{"rendered":"https:\/\/eldiariodesanpedro.com.ar\/sitio\/?p=3599"},"modified":"2016-04-24T16:13:06","modified_gmt":"2016-04-24T19:13:06","slug":"a-partir-del-proximo-jueves-cobran-jubilados-y-pensionados-bonaerenses","status":"publish","type":"post","link":"https:\/\/eldiariodesanpedro.com.ar\/sitio\/a-partir-del-proximo-jueves-cobran-jubilados-y-pensionados-bonaerenses\/","title":{"rendered":"A partir del pr\u00f3ximo jueves cobran jubilados y pensionados bonaerenses"},"content":{"rendered":"<p><!-- VideographyWP Plugin Message: Automatic video embedding prevented by plugin options. --><br \/>\nEl Instituto de Previsi\u00f3n Social (IPS), inform\u00f3 que los jubilados y pensionados de la Provincia de Buenos Aires percibir\u00e1n los haberes de abril entre el jueves 28 y el viernes 29.<br \/>\nEl jueves podr\u00e1n cobrar los beneficiarios con documentos terminados en 0, 1, 2 y 3; mientras que el viernes los terminados en 4, 5, 6, 7, 8 y 9. La fecha de vencimiento del pago de Abril es el d\u00eda 23 de Mayo.<\/p>\n","protected":false},"excerpt":{"rendered":"<p>El Instituto de Previsi\u00f3n Social (IPS), inform\u00f3 que los jubilados y pensionados de la Provincia de Buenos Aires percibir\u00e1n los haberes de abril entre el jueves 28 y el viernes 29. El jueves podr\u00e1n cobrar los beneficiarios con documentos terminados en 0, 1, 2 y 3; mientras que el viernes los terminados en 4, 5, [&hellip;]<\/p>\n","protected":false},"author":4,"featured_media":3600,"comment_status":"open","ping_status":"closed","sticky":false,"template":"","format":"standard","meta":{"om_disable_all_campaigns":false,"_jetpack_memberships_contains_paid_content":false,"footnotes":""},"categories":[101,2],"tags":[],"class_list":["post-3599","post","type-post","status-publish","format-standard","has-post-thumbnail","hentry","category-interes-general-locales","category-locales"],"aioseo_notices":[],"gutentor_comment":0,"jetpack_featured_media_url":"https:\/\/eldiariodesanpedro.com.ar\/sitio\/wp-content\/uploads\/2016\/04\/jubilados.jpg","jetpack_shortlink":"https:\/\/wp.me\/p6RhLt-W3","jetpack_sharing_enabled":true,"_links":{"self":[{"href":"https:\/\/eldiariodesanpedro.com.ar\/sitio\/wp-json\/wp\/v2\/posts\/3599","targetHints":{"allow":["GET"]}}],"collection":[{"href":"https:\/\/eldiariodesanpedro.com.ar\/sitio\/wp-json\/wp\/v2\/posts"}],"about":[{"href":"https:\/\/eldiariodesanpedro.com.ar\/sitio\/wp-json\/wp\/v2\/types\/post"}],"author":[{"embeddable":true,"href":"https:\/\/eldiariodesanpedro.com.ar\/sitio\/wp-json\/wp\/v2\/users\/4"}],"replies":[{"embeddable":true,"href":"https:\/\/eldiariodesanpedro.com.ar\/sitio\/wp-json\/wp\/v2\/comments?post=3599"}],"version-history":[{"count":1,"href":"https:\/\/eldiariodesanpedro.com.ar\/sitio\/wp-json\/wp\/v2\/posts\/3599\/revisions"}],"predecessor-version":[{"id":3601,"href":"https:\/\/eldiariodesanpedro.com.ar\/sitio\/wp-json\/wp\/v2\/posts\/3599\/revisions\/3601"}],"wp:featuredmedia":[{"embeddable":true,"href":"https:\/\/eldiariodesanpedro.com.ar\/sitio\/wp-json\/wp\/v2\/media\/3600"}],"wp:attachment":[{"href":"https:\/\/eldiariodesanpedro.com.ar\/sitio\/wp-json\/wp\/v2\/media?parent=3599"}],"wp:term":[{"taxonomy":"category","embeddable":true,"href":"https:\/\/eldiariodesanpedro.com.ar\/sitio\/wp-json\/wp\/v2\/categories?post=3599"},{"taxonomy":"post_tag","embeddable":true,"href":"https:\/\/eldiariodesanpedro.com.ar\/sitio\/wp-json\/wp\/v2\/tags?post=3599"}],"curies":[{"name":"wp","href":"https:\/\/api.w.org\/{rel}","templated":true}]}}