{"id":35983,"date":"2018-07-05T21:03:22","date_gmt":"2018-07-06T00:03:22","guid":{"rendered":"https:\/\/eldiariodesanpedro.com.ar\/sitio\/?p=35983"},"modified":"2026-01-24T00:13:19","modified_gmt":"2026-01-24T03:13:19","slug":"voley-torneo-abierto-jugado-en-provincial-de-rosario-sub-15-campeon","status":"publish","type":"post","link":"https:\/\/eldiariodesanpedro.com.ar\/sitio\/voley-torneo-abierto-jugado-en-provincial-de-rosario-sub-15-campeon\/","title":{"rendered":"V\u00d3LEY: Torneo Abierto jugado en Provincial de Rosario. Sub 15 campe\u00f3n"},"content":{"rendered":"<p><!-- VideographyWP Plugin Message: Automatic video embedding prevented by plugin options. --><br \/>\n  Confirmando el excelente nivel que mantiene y el entusiasmo con el que afronta cada desaf\u00edo, el v\u00f3leibol del Club N\u00e1utico San Pedro tuvo el pasado fin de semana otra gran actuaci\u00f3n. <\/p>\n<p>  El equipo masculino se qued\u00f3 con un Torneo Abierto organizado por el Club Provincial en Rosario y derrot\u00f3 en la final a Normal N\u00b03 por dos sets a uno. Se conformaron 2 zonas de cinco equipos cada una. N\u00e1utico comparti\u00f3 grupo con Ateneo de Villa Constituci\u00f3n, Tiro Federal de Bah\u00eda Blanca, Normal 3 y Puerto San Mart\u00edn de Rosario. El viernes vencieron a Tiro y Normal 3 2-0. El s\u00e1bado fue 2-0 ante Ateneo y luego 2-0 ante Puerto San Mart\u00edn. El s\u00e1bado en los cruces otra vez vencieron a Tiro Federal 2-0 y el domingo en semifinal a N\u00e1utico Avellaneda 2-0. N\u00e1utico present\u00f3 a Sim\u00f3n Paradela, Nazareno y Juli\u00e1n Massaglia; Rafael P\u00e9rez, Francisco Salas, Francesco Botta, M\u00e1ximo Dom\u00ednguez, Amadeo Torre, Santiago Repetti, Valentino Fauro y Mart\u00edn Mantovani. T\u00e9cnico: Fede Bonvisuto. Ayud. Gonzalo Ratto.<\/p>\n<p>  Las chicas participaron del mismo certamen y se quedaron en la zona de clasificaci\u00f3n.   <\/p>\n<p>  Participaron 48 equipos en ocho zonas. N\u00e1utico integr\u00f3 la zona con El Tala, Echesortu, Provincial de Rosario, Baradero A y Progresista B de Chaco. El \u00fanico triunfo fue el s\u00e1bado en Tie Break ante Echesortu.<\/p>\n","protected":false},"excerpt":{"rendered":"<p>Confirmando el excelente nivel que mantiene y el entusiasmo con el que afronta cada desaf\u00edo, el v\u00f3leibol del Club N\u00e1utico San Pedro tuvo el pasado fin de semana otra gran actuaci\u00f3n. El equipo masculino se qued\u00f3 con un Torneo Abierto organizado por el Club Provincial en Rosario y derrot\u00f3 en la final a Normal N\u00b03 [&hellip;]<\/p>\n","protected":false},"author":4,"featured_media":35986,"comment_status":"open","ping_status":"closed","sticky":false,"template":"","format":"standard","meta":{"om_disable_all_campaigns":false,"_jetpack_memberships_contains_paid_content":false,"footnotes":""},"categories":[5],"tags":[],"class_list":["post-35983","post","type-post","status-publish","format-standard","has-post-thumbnail","hentry","category-deportes"],"aioseo_notices":[],"gutentor_comment":0,"jetpack_featured_media_url":"https:\/\/eldiariodesanpedro.com.ar\/sitio\/wp-content\/uploads\/2018\/07\/voley-Equipo-masculino-ganador-del-club-N\u00e1utico.jpg","jetpack_shortlink":"https:\/\/wp.me\/p6RhLt-9mn","jetpack_sharing_enabled":true,"_links":{"self":[{"href":"https:\/\/eldiariodesanpedro.com.ar\/sitio\/wp-json\/wp\/v2\/posts\/35983","targetHints":{"allow":["GET"]}}],"collection":[{"href":"https:\/\/eldiariodesanpedro.com.ar\/sitio\/wp-json\/wp\/v2\/posts"}],"about":[{"href":"https:\/\/eldiariodesanpedro.com.ar\/sitio\/wp-json\/wp\/v2\/types\/post"}],"author":[{"embeddable":true,"href":"https:\/\/eldiariodesanpedro.com.ar\/sitio\/wp-json\/wp\/v2\/users\/4"}],"replies":[{"embeddable":true,"href":"https:\/\/eldiariodesanpedro.com.ar\/sitio\/wp-json\/wp\/v2\/comments?post=35983"}],"version-history":[{"count":1,"href":"https:\/\/eldiariodesanpedro.com.ar\/sitio\/wp-json\/wp\/v2\/posts\/35983\/revisions"}],"predecessor-version":[{"id":35987,"href":"https:\/\/eldiariodesanpedro.com.ar\/sitio\/wp-json\/wp\/v2\/posts\/35983\/revisions\/35987"}],"wp:featuredmedia":[{"embeddable":true,"href":"https:\/\/eldiariodesanpedro.com.ar\/sitio\/wp-json\/wp\/v2\/media\/35986"}],"wp:attachment":[{"href":"https:\/\/eldiariodesanpedro.com.ar\/sitio\/wp-json\/wp\/v2\/media?parent=35983"}],"wp:term":[{"taxonomy":"category","embeddable":true,"href":"https:\/\/eldiariodesanpedro.com.ar\/sitio\/wp-json\/wp\/v2\/categories?post=35983"},{"taxonomy":"post_tag","embeddable":true,"href":"https:\/\/eldiariodesanpedro.com.ar\/sitio\/wp-json\/wp\/v2\/tags?post=35983"}],"curies":[{"name":"wp","href":"https:\/\/api.w.org\/{rel}","templated":true}]}}