{"id":35981,"date":"2018-07-05T20:59:45","date_gmt":"2018-07-05T23:59:45","guid":{"rendered":"https:\/\/eldiariodesanpedro.com.ar\/sitio\/?p=35981"},"modified":"2026-01-24T00:13:19","modified_gmt":"2026-01-24T03:13:19","slug":"informacion-club-pescadores","status":"publish","type":"post","link":"https:\/\/eldiariodesanpedro.com.ar\/sitio\/informacion-club-pescadores\/","title":{"rendered":"Informaci\u00f3n Club Pescadores"},"content":{"rendered":"<p><!-- VideographyWP Plugin Message: Automatic video embedding prevented by plugin options. --><br \/>\n  Los deportistas del Club tendr\u00e1n variada actividad para el fin de semana largo, siendo algunas de las previstas las siguientes:<\/p>\n<p>  Desde el s\u00e1bado 7 al lunes 9 de julio Pat\u00edn Art\u00edstico participa de selectivo al Nacional C en Club Lan\u00fas.<br \/>\n  F\u00fatbol Infantil juega el s\u00e1bado a las 12 horas como visitante ante Independencia FC y lunes 9 a las 12.30 horas en nuestro complejo social y deportivo ante Central C\u00f3rdoba de Santa Luc\u00eda por las fechas 17 y 18 del Torneo Apertura de la LIF.<\/p>\n<p>  Hockey femenino con las categor\u00edas octava, s\u00e9ptima, sexta y quinta viaja a Baradero para cotejar ante Regatas por la liga local desde las 10 horas. <\/p>\n<p>  Nataci\u00f3n federada compite por la ma\u00f1ana y los promocionales por la tarde en el natatorio del club N\u00e1utico por la segunda fecha del Torneo de Invierno de Fannba. <\/p>\n<p>  F\u00fatbol mayor jugar\u00e1 domingo y lunes, cotejos correspondientes al Torneo interno de F\u00fatbol mayor con las cat. \u00abA\u00bb y \u00abB\u00bb. <\/p>\n<p>  La subcomisi\u00f3n de Pesca realiza concurso por la cuarta fecha del ranking sampedrino el domingo desde las 14 horas en la d\u00e1rsena del club. <\/p>\n<p>  Viviana G\u00f3mez participa de la tercera fecha del Duatl\u00f3n Rural, tercera fecha que se corre en Pueblo Doyle.<br \/>\n  Subcomisi\u00f3n de nataci\u00f3n tiene un bono contribuci\u00f3n en curso para el d\u00eda del ni\u00f1o.<\/p>\n<p>  B\u00e1squet jugar\u00e1 ante Mitre en todas las categor\u00edas el s\u00e1bado 14 de julio.<\/p>\n<p>  Canotaje tiene previsto para el 28 de octubre en el club los Regionales de los Torneos Bonaerenses. <\/p>\n<p>  La subcomisi\u00f3n de Padel organizar\u00e1 actividades social y deportiva con nuevos cert\u00e1menes para socios en fecha a confirmar. <\/p>\n<p>  Tenis contin\u00faa con las pr\u00e1cticas a diario con el profesor Biglieri y participa regularmente en torneos r\u00e1pidos en la zona. <\/p>\n<p>  Ya est\u00e1 abierta la inscripci\u00f3n para la Colonia de Invierno a cargo del profesor Franco Gonz\u00e1lez.<\/p>\n","protected":false},"excerpt":{"rendered":"<p>Los deportistas del Club tendr\u00e1n variada actividad para el fin de semana largo, siendo algunas de las previstas las siguientes: Desde el s\u00e1bado 7 al lunes 9 de julio Pat\u00edn Art\u00edstico participa de selectivo al Nacional C en Club Lan\u00fas. F\u00fatbol Infantil juega el s\u00e1bado a las 12 horas como visitante ante Independencia FC y [&hellip;]<\/p>\n","protected":false},"author":4,"featured_media":10752,"comment_status":"open","ping_status":"closed","sticky":false,"template":"","format":"standard","meta":{"om_disable_all_campaigns":false,"_jetpack_memberships_contains_paid_content":false,"footnotes":""},"categories":[5],"tags":[],"class_list":["post-35981","post","type-post","status-publish","format-standard","has-post-thumbnail","hentry","category-deportes"],"aioseo_notices":[],"gutentor_comment":0,"jetpack_featured_media_url":"https:\/\/eldiariodesanpedro.com.ar\/sitio\/wp-content\/uploads\/2016\/11\/logo-pescadores.jpg","jetpack_shortlink":"https:\/\/wp.me\/p6RhLt-9ml","jetpack_sharing_enabled":true,"_links":{"self":[{"href":"https:\/\/eldiariodesanpedro.com.ar\/sitio\/wp-json\/wp\/v2\/posts\/35981","targetHints":{"allow":["GET"]}}],"collection":[{"href":"https:\/\/eldiariodesanpedro.com.ar\/sitio\/wp-json\/wp\/v2\/posts"}],"about":[{"href":"https:\/\/eldiariodesanpedro.com.ar\/sitio\/wp-json\/wp\/v2\/types\/post"}],"author":[{"embeddable":true,"href":"https:\/\/eldiariodesanpedro.com.ar\/sitio\/wp-json\/wp\/v2\/users\/4"}],"replies":[{"embeddable":true,"href":"https:\/\/eldiariodesanpedro.com.ar\/sitio\/wp-json\/wp\/v2\/comments?post=35981"}],"version-history":[{"count":2,"href":"https:\/\/eldiariodesanpedro.com.ar\/sitio\/wp-json\/wp\/v2\/posts\/35981\/revisions"}],"predecessor-version":[{"id":35985,"href":"https:\/\/eldiariodesanpedro.com.ar\/sitio\/wp-json\/wp\/v2\/posts\/35981\/revisions\/35985"}],"wp:featuredmedia":[{"embeddable":true,"href":"https:\/\/eldiariodesanpedro.com.ar\/sitio\/wp-json\/wp\/v2\/media\/10752"}],"wp:attachment":[{"href":"https:\/\/eldiariodesanpedro.com.ar\/sitio\/wp-json\/wp\/v2\/media?parent=35981"}],"wp:term":[{"taxonomy":"category","embeddable":true,"href":"https:\/\/eldiariodesanpedro.com.ar\/sitio\/wp-json\/wp\/v2\/categories?post=35981"},{"taxonomy":"post_tag","embeddable":true,"href":"https:\/\/eldiariodesanpedro.com.ar\/sitio\/wp-json\/wp\/v2\/tags?post=35981"}],"curies":[{"name":"wp","href":"https:\/\/api.w.org\/{rel}","templated":true}]}}