{"id":35979,"date":"2018-07-05T20:58:41","date_gmt":"2018-07-05T23:58:41","guid":{"rendered":"https:\/\/eldiariodesanpedro.com.ar\/sitio\/?p=35979"},"modified":"2026-01-24T00:13:19","modified_gmt":"2026-01-24T03:13:19","slug":"natacion-america-confirmo-para-el-28-de-octubre-las-aguas-abiertas-manana-en-nautico","status":"publish","type":"post","link":"https:\/\/eldiariodesanpedro.com.ar\/sitio\/natacion-america-confirmo-para-el-28-de-octubre-las-aguas-abiertas-manana-en-nautico\/","title":{"rendered":"NATACI\u00d3N: Am\u00e9rica confirm\u00f3 para el 28 de octubre las aguas abiertas. Ma\u00f1ana en N\u00e1utico"},"content":{"rendered":"<p><!-- VideographyWP Plugin Message: Automatic video embedding prevented by plugin options. --><br \/>\n  El Club Sportivo Am\u00e9rica disputar\u00e1 la cuarta edici\u00f3n de la competencia de 7km y 3km de nataci\u00f3n el 28 de octubre y tambi\u00e9n para el 25 de noviembre la segunda edici\u00f3n del triatl\u00f3n \u201cCiudad de San Pedro\u201d. <\/p>\n<p>  El circuito de nataci\u00f3n para la temporada veraniega tiene adem\u00e1s el 25 de noviembre la marat\u00f3n acu\u00e1tica que organiza Pescadores con la s\u00e9ptima edici\u00f3n de la \u201cVuelta de Obligado \u2013 San Pedro, 20 km y el 2 de diciembre otra prueba que organizar\u00e1 el Club N\u00e1utico. <\/p>\n<p><em>  En la zona tambi\u00e9n est\u00e1n previstas las siguientes: <\/em><br \/>\n4\/11 en Villa Constituci\u00f3n; 25\/11 San Nicol\u00e1s y 9\/12 en Escobar y Col\u00f3n.<\/p>\n<p><strong>El s\u00e1bado en N\u00e1utico<\/strong><br \/>\n  En el natatorio del Club N\u00e1utico San Pedro se lleva a cabo la segunda fecha del circuito de nataci\u00f3n de invierno que organiza FANNBA. Por la ma\u00f1ana compiten los federados y por la tarde los promocionales. De nuestra ciudad compiten los clubes Pescadores y el organizador.<\/p>\n","protected":false},"excerpt":{"rendered":"<p>El Club Sportivo Am\u00e9rica disputar\u00e1 la cuarta edici\u00f3n de la competencia de 7km y 3km de nataci\u00f3n el 28 de octubre y tambi\u00e9n para el 25 de noviembre la segunda edici\u00f3n del triatl\u00f3n \u201cCiudad de San Pedro\u201d. El circuito de nataci\u00f3n para la temporada veraniega tiene adem\u00e1s el 25 de noviembre la marat\u00f3n acu\u00e1tica que [&hellip;]<\/p>\n","protected":false},"author":4,"featured_media":10828,"comment_status":"open","ping_status":"closed","sticky":false,"template":"","format":"standard","meta":{"om_disable_all_campaigns":false,"_jetpack_memberships_contains_paid_content":false,"footnotes":""},"categories":[5],"tags":[],"class_list":["post-35979","post","type-post","status-publish","format-standard","has-post-thumbnail","hentry","category-deportes"],"aioseo_notices":[],"gutentor_comment":0,"jetpack_featured_media_url":"https:\/\/eldiariodesanpedro.com.ar\/sitio\/wp-content\/uploads\/2016\/11\/aguas-abiertas-2.jpg","jetpack_shortlink":"https:\/\/wp.me\/p6RhLt-9mj","jetpack_sharing_enabled":true,"_links":{"self":[{"href":"https:\/\/eldiariodesanpedro.com.ar\/sitio\/wp-json\/wp\/v2\/posts\/35979","targetHints":{"allow":["GET"]}}],"collection":[{"href":"https:\/\/eldiariodesanpedro.com.ar\/sitio\/wp-json\/wp\/v2\/posts"}],"about":[{"href":"https:\/\/eldiariodesanpedro.com.ar\/sitio\/wp-json\/wp\/v2\/types\/post"}],"author":[{"embeddable":true,"href":"https:\/\/eldiariodesanpedro.com.ar\/sitio\/wp-json\/wp\/v2\/users\/4"}],"replies":[{"embeddable":true,"href":"https:\/\/eldiariodesanpedro.com.ar\/sitio\/wp-json\/wp\/v2\/comments?post=35979"}],"version-history":[{"count":1,"href":"https:\/\/eldiariodesanpedro.com.ar\/sitio\/wp-json\/wp\/v2\/posts\/35979\/revisions"}],"predecessor-version":[{"id":35982,"href":"https:\/\/eldiariodesanpedro.com.ar\/sitio\/wp-json\/wp\/v2\/posts\/35979\/revisions\/35982"}],"wp:featuredmedia":[{"embeddable":true,"href":"https:\/\/eldiariodesanpedro.com.ar\/sitio\/wp-json\/wp\/v2\/media\/10828"}],"wp:attachment":[{"href":"https:\/\/eldiariodesanpedro.com.ar\/sitio\/wp-json\/wp\/v2\/media?parent=35979"}],"wp:term":[{"taxonomy":"category","embeddable":true,"href":"https:\/\/eldiariodesanpedro.com.ar\/sitio\/wp-json\/wp\/v2\/categories?post=35979"},{"taxonomy":"post_tag","embeddable":true,"href":"https:\/\/eldiariodesanpedro.com.ar\/sitio\/wp-json\/wp\/v2\/tags?post=35979"}],"curies":[{"name":"wp","href":"https:\/\/api.w.org\/{rel}","templated":true}]}}