{"id":35973,"date":"2018-07-05T20:55:16","date_gmt":"2018-07-05T23:55:16","guid":{"rendered":"https:\/\/eldiariodesanpedro.com.ar\/sitio\/?p=35973"},"modified":"2026-01-24T00:13:20","modified_gmt":"2026-01-24T03:13:20","slug":"basquet-comenzo-a-jugarse-el-provincial-de-mayores-en-san-nicolas","status":"publish","type":"post","link":"https:\/\/eldiariodesanpedro.com.ar\/sitio\/basquet-comenzo-a-jugarse-el-provincial-de-mayores-en-san-nicolas\/","title":{"rendered":"B\u00c1SQUET: Comenz\u00f3 a jugarse el Provincial de mayores en San Nicol\u00e1s"},"content":{"rendered":"<p><!-- VideographyWP Plugin Message: Automatic video embedding prevented by plugin options. --><br \/>\n El mi\u00e9rcoles por la tarde se inaugur\u00f3 el Torneo Provincial de Mayores con los triunfos de San Nicol\u00e1s, Z\u00e1rate \u2013 Campana (juega el sampedrino Felipe S\u00e1nchez) y Bah\u00eda Blanca.  <\/p>\n<p><strong>Resultados<\/strong><br \/>\nSan Nicol\u00e1s l83-La Plata 66 (Zona A)<br \/>\nZ\u00e1rate Campana 101-Chivilcoy 72 (Interzonal A-B).<br \/>\nBah\u00eda Blanca 85-Mar del Plata 81 (Zona B).<\/p>\n<p><strong>Jugadores del club N\u00e1utico en la selecci\u00f3n Sub 13<\/strong><br \/>\n  Nehuen Scarmorzzino marc\u00f3 9 puntos y Benjam\u00edn Terr\u00e9 anot\u00f3 10 puntos en el primer partido que la selecci\u00f3n Sub 13 de b\u00e1squetbol de la Asociaci\u00f3n Z\u00e1rate Campana jug\u00f3 el domingo pasado su primer partido en el zonal y, consigui\u00f3 una importante victoria frente a la selecci\u00f3n de San Nicol\u00e1s.<br \/>\n  El grupo lo integra adem\u00e1s Pergamino, que ser\u00e1 el pr\u00f3ximo rival. De estos tres equipos, el ganador clasificar\u00e1 para el Provincial de la categor\u00eda.<\/p>\n","protected":false},"excerpt":{"rendered":"<p>El mi\u00e9rcoles por la tarde se inaugur\u00f3 el Torneo Provincial de Mayores con los triunfos de San Nicol\u00e1s, Z\u00e1rate \u2013 Campana (juega el sampedrino Felipe S\u00e1nchez) y Bah\u00eda Blanca. Resultados San Nicol\u00e1s l83-La Plata 66 (Zona A) Z\u00e1rate Campana 101-Chivilcoy 72 (Interzonal A-B). Bah\u00eda Blanca 85-Mar del Plata 81 (Zona B). Jugadores del club N\u00e1utico [&hellip;]<\/p>\n","protected":false},"author":4,"featured_media":35976,"comment_status":"open","ping_status":"closed","sticky":false,"template":"","format":"standard","meta":{"om_disable_all_campaigns":false,"_jetpack_memberships_contains_paid_content":false,"footnotes":""},"categories":[5],"tags":[],"class_list":["post-35973","post","type-post","status-publish","format-standard","has-post-thumbnail","hentry","category-deportes"],"aioseo_notices":[],"gutentor_comment":0,"jetpack_featured_media_url":"https:\/\/eldiariodesanpedro.com.ar\/sitio\/wp-content\/uploads\/2018\/07\/basquet-2.jpg","jetpack_shortlink":"https:\/\/wp.me\/p6RhLt-9md","jetpack_sharing_enabled":true,"_links":{"self":[{"href":"https:\/\/eldiariodesanpedro.com.ar\/sitio\/wp-json\/wp\/v2\/posts\/35973","targetHints":{"allow":["GET"]}}],"collection":[{"href":"https:\/\/eldiariodesanpedro.com.ar\/sitio\/wp-json\/wp\/v2\/posts"}],"about":[{"href":"https:\/\/eldiariodesanpedro.com.ar\/sitio\/wp-json\/wp\/v2\/types\/post"}],"author":[{"embeddable":true,"href":"https:\/\/eldiariodesanpedro.com.ar\/sitio\/wp-json\/wp\/v2\/users\/4"}],"replies":[{"embeddable":true,"href":"https:\/\/eldiariodesanpedro.com.ar\/sitio\/wp-json\/wp\/v2\/comments?post=35973"}],"version-history":[{"count":1,"href":"https:\/\/eldiariodesanpedro.com.ar\/sitio\/wp-json\/wp\/v2\/posts\/35973\/revisions"}],"predecessor-version":[{"id":35978,"href":"https:\/\/eldiariodesanpedro.com.ar\/sitio\/wp-json\/wp\/v2\/posts\/35973\/revisions\/35978"}],"wp:featuredmedia":[{"embeddable":true,"href":"https:\/\/eldiariodesanpedro.com.ar\/sitio\/wp-json\/wp\/v2\/media\/35976"}],"wp:attachment":[{"href":"https:\/\/eldiariodesanpedro.com.ar\/sitio\/wp-json\/wp\/v2\/media?parent=35973"}],"wp:term":[{"taxonomy":"category","embeddable":true,"href":"https:\/\/eldiariodesanpedro.com.ar\/sitio\/wp-json\/wp\/v2\/categories?post=35973"},{"taxonomy":"post_tag","embeddable":true,"href":"https:\/\/eldiariodesanpedro.com.ar\/sitio\/wp-json\/wp\/v2\/tags?post=35973"}],"curies":[{"name":"wp","href":"https:\/\/api.w.org\/{rel}","templated":true}]}}