{"id":35969,"date":"2018-07-05T20:46:28","date_gmt":"2018-07-05T23:46:28","guid":{"rendered":"https:\/\/eldiariodesanpedro.com.ar\/sitio\/?p=35969"},"modified":"2018-07-05T20:46:28","modified_gmt":"2018-07-05T23:46:28","slug":"bomberos-voluntarios-intervino-en-el-incendio-de-una-vivienda","status":"publish","type":"post","link":"https:\/\/eldiariodesanpedro.com.ar\/sitio\/bomberos-voluntarios-intervino-en-el-incendio-de-una-vivienda\/","title":{"rendered":"Bomberos Voluntarios intervino en el incendio de una vivienda"},"content":{"rendered":"<p><!-- VideographyWP Plugin Message: Automatic video embedding prevented by plugin options. --><br \/>\nSucedi\u00f3 despu\u00e9s de las 22 horas del mi\u00e9rcoles en una vivienda de la calle Casella.<\/p>\n<p>  Minutos despu\u00e9s de las 10 de la noche del martes se produjo el incendio en una vivienda ubicada en la calle Casella al 600.<br \/>\n  Por circunstancias que se desconocen, la parte trasera de la propiedad tom\u00f3 fuego y oblig\u00f3 a la intervenci\u00f3n del cuerpo de Bomberos Voluntarios.<br \/>\n  La presencia de un caloventor en ese sector de la casa podr\u00eda haber sido el origen del siniestro. El personal de Bomberos, a cargo de Rom\u00e1n Montenegro, extingui\u00f3 las llamas y evit\u00f3 que el mismo se generalizara en el resto de la casa. <\/p>\n<p>Fuente: San Pedro Informa<\/p>\n","protected":false},"excerpt":{"rendered":"<p>Sucedi\u00f3 despu\u00e9s de las 22 horas del mi\u00e9rcoles en una vivienda de la calle Casella. Minutos despu\u00e9s de las 10 de la noche del martes se produjo el incendio en una vivienda ubicada en la calle Casella al 600. Por circunstancias que se desconocen, la parte trasera de la propiedad tom\u00f3 fuego y oblig\u00f3 a [&hellip;]<\/p>\n","protected":false},"author":4,"featured_media":35970,"comment_status":"open","ping_status":"closed","sticky":false,"template":"","format":"standard","meta":{"om_disable_all_campaigns":false,"_jetpack_memberships_contains_paid_content":false,"footnotes":""},"categories":[2,103],"tags":[],"class_list":["post-35969","post","type-post","status-publish","format-standard","has-post-thumbnail","hentry","category-locales","category-policiales-locales"],"aioseo_notices":[],"gutentor_comment":0,"jetpack_featured_media_url":"https:\/\/eldiariodesanpedro.com.ar\/sitio\/wp-content\/uploads\/2018\/07\/La-vivienda-que-sufri\u00f3-el-incendio.jpg","jetpack_shortlink":"https:\/\/wp.me\/p6RhLt-9m9","jetpack_sharing_enabled":true,"_links":{"self":[{"href":"https:\/\/eldiariodesanpedro.com.ar\/sitio\/wp-json\/wp\/v2\/posts\/35969","targetHints":{"allow":["GET"]}}],"collection":[{"href":"https:\/\/eldiariodesanpedro.com.ar\/sitio\/wp-json\/wp\/v2\/posts"}],"about":[{"href":"https:\/\/eldiariodesanpedro.com.ar\/sitio\/wp-json\/wp\/v2\/types\/post"}],"author":[{"embeddable":true,"href":"https:\/\/eldiariodesanpedro.com.ar\/sitio\/wp-json\/wp\/v2\/users\/4"}],"replies":[{"embeddable":true,"href":"https:\/\/eldiariodesanpedro.com.ar\/sitio\/wp-json\/wp\/v2\/comments?post=35969"}],"version-history":[{"count":1,"href":"https:\/\/eldiariodesanpedro.com.ar\/sitio\/wp-json\/wp\/v2\/posts\/35969\/revisions"}],"predecessor-version":[{"id":35972,"href":"https:\/\/eldiariodesanpedro.com.ar\/sitio\/wp-json\/wp\/v2\/posts\/35969\/revisions\/35972"}],"wp:featuredmedia":[{"embeddable":true,"href":"https:\/\/eldiariodesanpedro.com.ar\/sitio\/wp-json\/wp\/v2\/media\/35970"}],"wp:attachment":[{"href":"https:\/\/eldiariodesanpedro.com.ar\/sitio\/wp-json\/wp\/v2\/media?parent=35969"}],"wp:term":[{"taxonomy":"category","embeddable":true,"href":"https:\/\/eldiariodesanpedro.com.ar\/sitio\/wp-json\/wp\/v2\/categories?post=35969"},{"taxonomy":"post_tag","embeddable":true,"href":"https:\/\/eldiariodesanpedro.com.ar\/sitio\/wp-json\/wp\/v2\/tags?post=35969"}],"curies":[{"name":"wp","href":"https:\/\/api.w.org\/{rel}","templated":true}]}}