{"id":35962,"date":"2018-07-05T18:49:34","date_gmt":"2018-07-05T21:49:34","guid":{"rendered":"https:\/\/eldiariodesanpedro.com.ar\/sitio\/?p=35962"},"modified":"2018-07-06T11:15:03","modified_gmt":"2018-07-06T14:15:03","slug":"el-ejecutivo-aseguro-que-el-dia-de-paro-sera-descontado","status":"publish","type":"post","link":"https:\/\/eldiariodesanpedro.com.ar\/sitio\/el-ejecutivo-aseguro-que-el-dia-de-paro-sera-descontado\/","title":{"rendered":"El Ejecutivo aseguro que el d\u00eda de paro sera descontado"},"content":{"rendered":"<p><!-- VideographyWP Plugin Message: Automatic video embedding prevented by plugin options. --><br \/>\nEste jueves a las 15.00, como nos adelantaba en una entrevista anterior el Secretario General Juan Cruz Acosta y el Secretario Adjunto Raul Benitez del Sindicato de Trabajadores Municipales, hubo una reuni\u00f3n con funcionarios del Jefe Comunal y representantes de ATE.<\/p>\n<p>La reuni\u00f3n se trato por  diferentes \u00e1reas de trabajo municipal donde existir\u00edan problemas por la falta de insumos, vestimenta, mal estado de herramientas y parque automotor municipal.<\/p>\n<p>Raul Benitez, luego de terminar la reuni\u00f3n nos manifest\u00f3 que, \u00abpasamos a un cuarto intermedio hasta el jueves, puntualmente van a dar algunas camperas en diferentes \u00e1reas, fue muy brava la discusi\u00f3n con los funcionarios, mas cuando el Secretario de Coordinaci\u00f3n Ram\u00f3n Salazar nos aseguro que con decisi\u00f3n del gabinete descontaba el d\u00eda de paro general, que fue este lunes 25 y por el tema de los pasaplantas que firmaron un acta y no est\u00e1n cumpliendo nada\u00bb.<\/p>\n<p>Tambi\u00e9n agrego que el tema de escalaf\u00f3n, paritarias, etc lo van hablar el jueves y afirmo que \u00bb lo \u00fanico concreto de la reuni\u00f3n es que nos descuentan el d\u00eda del paro y van a dar dos o tres camperas nada mas, quedamos en analizar en reuni\u00f3n de comisi\u00f3n  que medidas vamos a tomar con mis compa\u00f1eros y seguramente sera una medida de fuerza\u00bb. <\/p>\n","protected":false},"excerpt":{"rendered":"<p>Este jueves a las 15.00, como nos adelantaba en una entrevista anterior el Secretario General Juan Cruz Acosta y el Secretario Adjunto Raul Benitez del Sindicato de Trabajadores Municipales, hubo una reuni\u00f3n con funcionarios del Jefe Comunal y representantes de ATE. La reuni\u00f3n se trato por diferentes \u00e1reas de trabajo municipal donde existir\u00edan problemas por [&hellip;]<\/p>\n","protected":false},"author":4,"featured_media":36020,"comment_status":"open","ping_status":"closed","sticky":false,"template":"","format":"standard","meta":{"om_disable_all_campaigns":false,"_jetpack_memberships_contains_paid_content":false,"footnotes":""},"categories":[50,2,102],"tags":[],"class_list":["post-35962","post","type-post","status-publish","format-standard","has-post-thumbnail","hentry","category-destacadas","category-locales","category-politica-locales"],"aioseo_notices":[],"gutentor_comment":0,"jetpack_featured_media_url":"https:\/\/eldiariodesanpedro.com.ar\/sitio\/wp-content\/uploads\/2018\/07\/Sin-t\u00edtulo-1.jpg","jetpack_shortlink":"https:\/\/wp.me\/p6RhLt-9m2","jetpack_sharing_enabled":true,"_links":{"self":[{"href":"https:\/\/eldiariodesanpedro.com.ar\/sitio\/wp-json\/wp\/v2\/posts\/35962","targetHints":{"allow":["GET"]}}],"collection":[{"href":"https:\/\/eldiariodesanpedro.com.ar\/sitio\/wp-json\/wp\/v2\/posts"}],"about":[{"href":"https:\/\/eldiariodesanpedro.com.ar\/sitio\/wp-json\/wp\/v2\/types\/post"}],"author":[{"embeddable":true,"href":"https:\/\/eldiariodesanpedro.com.ar\/sitio\/wp-json\/wp\/v2\/users\/4"}],"replies":[{"embeddable":true,"href":"https:\/\/eldiariodesanpedro.com.ar\/sitio\/wp-json\/wp\/v2\/comments?post=35962"}],"version-history":[{"count":2,"href":"https:\/\/eldiariodesanpedro.com.ar\/sitio\/wp-json\/wp\/v2\/posts\/35962\/revisions"}],"predecessor-version":[{"id":35965,"href":"https:\/\/eldiariodesanpedro.com.ar\/sitio\/wp-json\/wp\/v2\/posts\/35962\/revisions\/35965"}],"wp:featuredmedia":[{"embeddable":true,"href":"https:\/\/eldiariodesanpedro.com.ar\/sitio\/wp-json\/wp\/v2\/media\/36020"}],"wp:attachment":[{"href":"https:\/\/eldiariodesanpedro.com.ar\/sitio\/wp-json\/wp\/v2\/media?parent=35962"}],"wp:term":[{"taxonomy":"category","embeddable":true,"href":"https:\/\/eldiariodesanpedro.com.ar\/sitio\/wp-json\/wp\/v2\/categories?post=35962"},{"taxonomy":"post_tag","embeddable":true,"href":"https:\/\/eldiariodesanpedro.com.ar\/sitio\/wp-json\/wp\/v2\/tags?post=35962"}],"curies":[{"name":"wp","href":"https:\/\/api.w.org\/{rel}","templated":true}]}}