{"id":3596,"date":"2016-04-24T16:06:58","date_gmt":"2016-04-24T19:06:58","guid":{"rendered":"https:\/\/eldiariodesanpedro.com.ar\/sitio\/?p=3596"},"modified":"2016-04-24T16:06:58","modified_gmt":"2016-04-24T19:06:58","slug":"envion-depietri-colaborando-con-la-emergencia-en-su-barrio","status":"publish","type":"post","link":"https:\/\/eldiariodesanpedro.com.ar\/sitio\/envion-depietri-colaborando-con-la-emergencia-en-su-barrio\/","title":{"rendered":"Envi\u00f3n Depietri colaborando con la emergencia en su barrio"},"content":{"rendered":"<p><!-- VideographyWP Plugin Message: Automatic video embedding prevented by plugin options. --><br \/>\nEl \u00c1rea de Redes Comunitarias dependiente de la Secretar\u00eda de Desarrollo Humano informa que los adolescentes del programa Envi\u00f3n Depietri, junto al equipo t\u00e9cnico, trabajaron en la sede asistiendo y colaborando con las familias de su barrio, damnificadas por las intensas lluvias y por las inundaciones. Desde el Municipio expresaron en el comunicado: \u00abNuestro agradecimiento y felicitaciones por la tarea realizada\u00bb.<\/p>\n","protected":false},"excerpt":{"rendered":"<p>El \u00c1rea de Redes Comunitarias dependiente de la Secretar\u00eda de Desarrollo Humano informa que los adolescentes del programa Envi\u00f3n Depietri, junto al equipo t\u00e9cnico, trabajaron en la sede asistiendo y colaborando con las familias de su barrio, damnificadas por las intensas lluvias y por las inundaciones. Desde el Municipio expresaron en el comunicado: \u00abNuestro agradecimiento [&hellip;]<\/p>\n","protected":false},"author":4,"featured_media":3597,"comment_status":"open","ping_status":"closed","sticky":false,"template":"","format":"standard","meta":{"om_disable_all_campaigns":false,"_jetpack_memberships_contains_paid_content":false,"footnotes":""},"categories":[101,2],"tags":[],"class_list":["post-3596","post","type-post","status-publish","format-standard","has-post-thumbnail","hentry","category-interes-general-locales","category-locales"],"aioseo_notices":[],"gutentor_comment":0,"jetpack_featured_media_url":"https:\/\/eldiariodesanpedro.com.ar\/sitio\/wp-content\/uploads\/2016\/04\/PAGINA-6-1.jpeg","jetpack_shortlink":"https:\/\/wp.me\/p6RhLt-W0","jetpack_sharing_enabled":true,"_links":{"self":[{"href":"https:\/\/eldiariodesanpedro.com.ar\/sitio\/wp-json\/wp\/v2\/posts\/3596","targetHints":{"allow":["GET"]}}],"collection":[{"href":"https:\/\/eldiariodesanpedro.com.ar\/sitio\/wp-json\/wp\/v2\/posts"}],"about":[{"href":"https:\/\/eldiariodesanpedro.com.ar\/sitio\/wp-json\/wp\/v2\/types\/post"}],"author":[{"embeddable":true,"href":"https:\/\/eldiariodesanpedro.com.ar\/sitio\/wp-json\/wp\/v2\/users\/4"}],"replies":[{"embeddable":true,"href":"https:\/\/eldiariodesanpedro.com.ar\/sitio\/wp-json\/wp\/v2\/comments?post=3596"}],"version-history":[{"count":1,"href":"https:\/\/eldiariodesanpedro.com.ar\/sitio\/wp-json\/wp\/v2\/posts\/3596\/revisions"}],"predecessor-version":[{"id":3598,"href":"https:\/\/eldiariodesanpedro.com.ar\/sitio\/wp-json\/wp\/v2\/posts\/3596\/revisions\/3598"}],"wp:featuredmedia":[{"embeddable":true,"href":"https:\/\/eldiariodesanpedro.com.ar\/sitio\/wp-json\/wp\/v2\/media\/3597"}],"wp:attachment":[{"href":"https:\/\/eldiariodesanpedro.com.ar\/sitio\/wp-json\/wp\/v2\/media?parent=3596"}],"wp:term":[{"taxonomy":"category","embeddable":true,"href":"https:\/\/eldiariodesanpedro.com.ar\/sitio\/wp-json\/wp\/v2\/categories?post=3596"},{"taxonomy":"post_tag","embeddable":true,"href":"https:\/\/eldiariodesanpedro.com.ar\/sitio\/wp-json\/wp\/v2\/tags?post=3596"}],"curies":[{"name":"wp","href":"https:\/\/api.w.org\/{rel}","templated":true}]}}