{"id":35950,"date":"2018-07-05T17:48:41","date_gmt":"2018-07-05T20:48:41","guid":{"rendered":"https:\/\/eldiariodesanpedro.com.ar\/sitio\/?p=35950"},"modified":"2018-07-05T17:52:59","modified_gmt":"2018-07-05T20:52:59","slug":"sigue-la-lucha-de-los-trabajadores-del-basural","status":"publish","type":"post","link":"https:\/\/eldiariodesanpedro.com.ar\/sitio\/sigue-la-lucha-de-los-trabajadores-del-basural\/","title":{"rendered":"Sigue la lucha de los trabajadores del basural"},"content":{"rendered":"<p><!-- VideographyWP Plugin Message: Automatic video embedding prevented by plugin options. --><br \/>\n\u00abHasta ahora no hubo avances en todo lo que prometi\u00f3 el municipio en su momento\u00bb contaba Gerardo Advarela del Movimiento de Trabajadores Excluidos (MTE) al Diario de San Pedro.<\/p>\n<p>Hace m\u00e1s de un a\u00f1o, que este grupo de trabajadores impulsados por el MTE, exigen al Municipio medidas para las casi 100 personas que trabajan en el recupero y reciclado de residuos en el basural a cielo abierto.<\/p>\n<p>La \u00faltima manifestaci\u00f3n frente a la Municipalidad fue en abril de este a\u00f1o que fueron recibidos por el Consejal Dami\u00e1n Lafalce y solo hubo promesas.<\/p>\n<p><img decoding=\"async\" data-attachment-id=\"35951\" data-permalink=\"https:\/\/eldiariodesanpedro.com.ar\/sitio\/sigue-la-lucha-de-los-trabajadores-del-basural\/acuerdo\/\" data-orig-file=\"https:\/\/eldiariodesanpedro.com.ar\/sitio\/wp-content\/uploads\/2018\/07\/acuerdo.jpeg\" data-orig-size=\"721,1280\" data-comments-opened=\"1\" data-image-meta=\"{&quot;aperture&quot;:&quot;0&quot;,&quot;credit&quot;:&quot;&quot;,&quot;camera&quot;:&quot;&quot;,&quot;caption&quot;:&quot;&quot;,&quot;created_timestamp&quot;:&quot;0&quot;,&quot;copyright&quot;:&quot;&quot;,&quot;focal_length&quot;:&quot;0&quot;,&quot;iso&quot;:&quot;0&quot;,&quot;shutter_speed&quot;:&quot;0&quot;,&quot;title&quot;:&quot;&quot;,&quot;orientation&quot;:&quot;0&quot;}\" data-image-title=\"acuerdo\" data-image-description=\"\" data-image-caption=\"\" data-large-file=\"https:\/\/eldiariodesanpedro.com.ar\/sitio\/wp-content\/uploads\/2018\/07\/acuerdo-577x1024.jpeg\" class=\"alignnone size-large wp-image-35951 lazyload\" data-src=\"https:\/\/eldiariodesanpedro.com.ar\/sitio\/wp-content\/uploads\/2018\/07\/acuerdo-577x1024.jpeg\" alt=\"\" width=\"577\" height=\"1024\" data-srcset=\"https:\/\/eldiariodesanpedro.com.ar\/sitio\/wp-content\/uploads\/2018\/07\/acuerdo-577x1024.jpeg 577w, https:\/\/eldiariodesanpedro.com.ar\/sitio\/wp-content\/uploads\/2018\/07\/acuerdo-169x300.jpeg 169w, https:\/\/eldiariodesanpedro.com.ar\/sitio\/wp-content\/uploads\/2018\/07\/acuerdo.jpeg 721w\" data-sizes=\"(max-width: 577px) 100vw, 577px\" src=\"data:image\/svg+xml;base64,PHN2ZyB3aWR0aD0iMSIgaGVpZ2h0PSIxIiB4bWxucz0iaHR0cDovL3d3dy53My5vcmcvMjAwMC9zdmciPjwvc3ZnPg==\" style=\"--smush-placeholder-width: 577px; --smush-placeholder-aspect-ratio: 577\/1024;\" \/><\/p>\n<p>La ciudad de San Pedro genera cientos de kilos de basura a diario que van a parar al basural a cielo abierto del Barrio La Tosquera. El abandono del barrio y de las familias que viven ah\u00ed es indiscutible. La mayor\u00eda sobrevive reciclando cart\u00f3n, pl\u00e1stico y metal en el basural. Ese trabajo, invisible para la ciudad, evita que se entierren toneladas de materiales que de otra forma contaminar\u00eda a\u00fan m\u00e1s las napas y el r\u00edo; ese trabajo es un servicio p\u00fablico que cuida el ambiente, pero no tiene ning\u00fan tipo de reconocimiento ni respaldo econ\u00f3mico.<\/p>\n<p>La Municipalidad siempre a mirado para otro lado, pero es hora de que haya un cambio. Pero un cambio que incluya el bienestar de los que menos tienen.<\/p>\n<p>Habilitar un Play\u00f3n de Separaci\u00f3n? Ser\u00eda f\u00e1cil para evitar que los recicladores tengan que ingresar al basural a escarbar entre toneladas de residuos.<\/p>\n<p>Es urgente poner en marcha una pol\u00edtica de erradicaci\u00f3n del trabajo infantil en la actividad. En el mismo sentido, el Estado debe propiciar la formalizaci\u00f3n de los trabajadores, para que accedan a una obra social, elementos de higiene y seguridad, aportes jubilatorios y los derechos que les corresponden.<\/p>\n<p><img decoding=\"async\" data-attachment-id=\"35955\" data-permalink=\"https:\/\/eldiariodesanpedro.com.ar\/sitio\/sigue-la-lucha-de-los-trabajadores-del-basural\/basural4\/\" data-orig-file=\"https:\/\/eldiariodesanpedro.com.ar\/sitio\/wp-content\/uploads\/2018\/07\/basural4.jpeg\" data-orig-size=\"720,1280\" data-comments-opened=\"1\" data-image-meta=\"{&quot;aperture&quot;:&quot;0&quot;,&quot;credit&quot;:&quot;&quot;,&quot;camera&quot;:&quot;&quot;,&quot;caption&quot;:&quot;&quot;,&quot;created_timestamp&quot;:&quot;0&quot;,&quot;copyright&quot;:&quot;&quot;,&quot;focal_length&quot;:&quot;0&quot;,&quot;iso&quot;:&quot;0&quot;,&quot;shutter_speed&quot;:&quot;0&quot;,&quot;title&quot;:&quot;&quot;,&quot;orientation&quot;:&quot;0&quot;}\" data-image-title=\"basural4\" data-image-description=\"\" data-image-caption=\"\" data-large-file=\"https:\/\/eldiariodesanpedro.com.ar\/sitio\/wp-content\/uploads\/2018\/07\/basural4-576x1024.jpeg\" class=\"alignnone size-large wp-image-35955 lazyload\" data-src=\"https:\/\/eldiariodesanpedro.com.ar\/sitio\/wp-content\/uploads\/2018\/07\/basural4-576x1024.jpeg\" alt=\"\" width=\"576\" height=\"1024\" data-srcset=\"https:\/\/eldiariodesanpedro.com.ar\/sitio\/wp-content\/uploads\/2018\/07\/basural4-576x1024.jpeg 576w, https:\/\/eldiariodesanpedro.com.ar\/sitio\/wp-content\/uploads\/2018\/07\/basural4-169x300.jpeg 169w, https:\/\/eldiariodesanpedro.com.ar\/sitio\/wp-content\/uploads\/2018\/07\/basural4.jpeg 720w\" data-sizes=\"(max-width: 576px) 100vw, 576px\" src=\"data:image\/svg+xml;base64,PHN2ZyB3aWR0aD0iMSIgaGVpZ2h0PSIxIiB4bWxucz0iaHR0cDovL3d3dy53My5vcmcvMjAwMC9zdmciPjwvc3ZnPg==\" style=\"--smush-placeholder-width: 576px; --smush-placeholder-aspect-ratio: 576\/1024;\" \/><\/p>\n<p><img decoding=\"async\" data-attachment-id=\"35954\" data-permalink=\"https:\/\/eldiariodesanpedro.com.ar\/sitio\/sigue-la-lucha-de-los-trabajadores-del-basural\/basural3\/\" data-orig-file=\"https:\/\/eldiariodesanpedro.com.ar\/sitio\/wp-content\/uploads\/2018\/07\/basural3.jpeg\" data-orig-size=\"719,1280\" data-comments-opened=\"1\" data-image-meta=\"{&quot;aperture&quot;:&quot;0&quot;,&quot;credit&quot;:&quot;&quot;,&quot;camera&quot;:&quot;&quot;,&quot;caption&quot;:&quot;&quot;,&quot;created_timestamp&quot;:&quot;0&quot;,&quot;copyright&quot;:&quot;&quot;,&quot;focal_length&quot;:&quot;0&quot;,&quot;iso&quot;:&quot;0&quot;,&quot;shutter_speed&quot;:&quot;0&quot;,&quot;title&quot;:&quot;&quot;,&quot;orientation&quot;:&quot;0&quot;}\" data-image-title=\"basural3\" data-image-description=\"\" data-image-caption=\"\" data-large-file=\"https:\/\/eldiariodesanpedro.com.ar\/sitio\/wp-content\/uploads\/2018\/07\/basural3-575x1024.jpeg\" class=\"alignnone size-large wp-image-35954 lazyload\" data-src=\"https:\/\/eldiariodesanpedro.com.ar\/sitio\/wp-content\/uploads\/2018\/07\/basural3-575x1024.jpeg\" alt=\"\" width=\"575\" height=\"1024\" data-srcset=\"https:\/\/eldiariodesanpedro.com.ar\/sitio\/wp-content\/uploads\/2018\/07\/basural3-575x1024.jpeg 575w, https:\/\/eldiariodesanpedro.com.ar\/sitio\/wp-content\/uploads\/2018\/07\/basural3-169x300.jpeg 169w, https:\/\/eldiariodesanpedro.com.ar\/sitio\/wp-content\/uploads\/2018\/07\/basural3.jpeg 719w\" data-sizes=\"(max-width: 575px) 100vw, 575px\" src=\"data:image\/svg+xml;base64,PHN2ZyB3aWR0aD0iMSIgaGVpZ2h0PSIxIiB4bWxucz0iaHR0cDovL3d3dy53My5vcmcvMjAwMC9zdmciPjwvc3ZnPg==\" style=\"--smush-placeholder-width: 575px; --smush-placeholder-aspect-ratio: 575\/1024;\" \/><\/p>\n<p><img decoding=\"async\" data-attachment-id=\"35952\" data-permalink=\"https:\/\/eldiariodesanpedro.com.ar\/sitio\/sigue-la-lucha-de-los-trabajadores-del-basural\/basural-1\/\" data-orig-file=\"https:\/\/eldiariodesanpedro.com.ar\/sitio\/wp-content\/uploads\/2018\/07\/basural-1.jpeg\" data-orig-size=\"720,967\" data-comments-opened=\"1\" data-image-meta=\"{&quot;aperture&quot;:&quot;0&quot;,&quot;credit&quot;:&quot;&quot;,&quot;camera&quot;:&quot;&quot;,&quot;caption&quot;:&quot;&quot;,&quot;created_timestamp&quot;:&quot;0&quot;,&quot;copyright&quot;:&quot;&quot;,&quot;focal_length&quot;:&quot;0&quot;,&quot;iso&quot;:&quot;0&quot;,&quot;shutter_speed&quot;:&quot;0&quot;,&quot;title&quot;:&quot;&quot;,&quot;orientation&quot;:&quot;0&quot;}\" data-image-title=\"basural 1\" data-image-description=\"\" data-image-caption=\"\" data-large-file=\"https:\/\/eldiariodesanpedro.com.ar\/sitio\/wp-content\/uploads\/2018\/07\/basural-1.jpeg\" class=\"alignnone size-full wp-image-35952 lazyload\" data-src=\"https:\/\/eldiariodesanpedro.com.ar\/sitio\/wp-content\/uploads\/2018\/07\/basural-1.jpeg\" alt=\"\" width=\"720\" height=\"967\" data-srcset=\"https:\/\/eldiariodesanpedro.com.ar\/sitio\/wp-content\/uploads\/2018\/07\/basural-1.jpeg 720w, https:\/\/eldiariodesanpedro.com.ar\/sitio\/wp-content\/uploads\/2018\/07\/basural-1-223x300.jpeg 223w\" data-sizes=\"(max-width: 720px) 100vw, 720px\" src=\"data:image\/svg+xml;base64,PHN2ZyB3aWR0aD0iMSIgaGVpZ2h0PSIxIiB4bWxucz0iaHR0cDovL3d3dy53My5vcmcvMjAwMC9zdmciPjwvc3ZnPg==\" style=\"--smush-placeholder-width: 720px; --smush-placeholder-aspect-ratio: 720\/967;\" \/><\/p>\n<p>\u00abUn ba\u00f1o les pedimos, un ba\u00f1o!! Y no cumplieron; los chicos se lastiman y no tienen una m\u00ednima cobertura, vemos mujeres con sus ni\u00f1os en brazos y con otra mano revolviendo la basura\u00bb manifest\u00f3 Advarela y sigui\u00f3 \u00bb estos trabajadores cumplen un servicio ambiental, necesitan ayuda,necesitan trabajar en condiciones dignas, ellos est\u00e1n reciclando y recuperando basura a la buena de Dios\u00bb.<\/p>\n<p>A nuestra pregunta de porque el municipio no cumpl\u00eda despu\u00e9s de tantas promesas y si era correspondido su pedido contest\u00f3: \u00abEl Municipio est\u00e1 omitiendo descaradamente no solo la normativa provincial sino tambi\u00e9n la Ordenanza Municipal que es la 6004 art 6 y el punto L de la misma que dice claramente que nada puede entorpecer el trabajo de los recuperadores urbanos\u00bb y finaliz\u00f3 \u00bb nos quieren desgastar, que los trabajadores descrean de sus derechos y la lucha que est\u00e1n llevando adelante , no hay otra lectura posible\u00bb.<\/p>\n<p><img decoding=\"async\" data-attachment-id=\"35956\" data-permalink=\"https:\/\/eldiariodesanpedro.com.ar\/sitio\/sigue-la-lucha-de-los-trabajadores-del-basural\/ordenanza\/\" data-orig-file=\"https:\/\/eldiariodesanpedro.com.ar\/sitio\/wp-content\/uploads\/2018\/07\/ordenanza.jpeg\" data-orig-size=\"720,1280\" data-comments-opened=\"1\" data-image-meta=\"{&quot;aperture&quot;:&quot;0&quot;,&quot;credit&quot;:&quot;&quot;,&quot;camera&quot;:&quot;&quot;,&quot;caption&quot;:&quot;&quot;,&quot;created_timestamp&quot;:&quot;0&quot;,&quot;copyright&quot;:&quot;&quot;,&quot;focal_length&quot;:&quot;0&quot;,&quot;iso&quot;:&quot;0&quot;,&quot;shutter_speed&quot;:&quot;0&quot;,&quot;title&quot;:&quot;&quot;,&quot;orientation&quot;:&quot;0&quot;}\" data-image-title=\"ordenanza\" data-image-description=\"\" data-image-caption=\"\" data-large-file=\"https:\/\/eldiariodesanpedro.com.ar\/sitio\/wp-content\/uploads\/2018\/07\/ordenanza-576x1024.jpeg\" class=\"alignnone size-large wp-image-35956 lazyload\" data-src=\"https:\/\/eldiariodesanpedro.com.ar\/sitio\/wp-content\/uploads\/2018\/07\/ordenanza-576x1024.jpeg\" alt=\"\" width=\"576\" height=\"1024\" data-srcset=\"https:\/\/eldiariodesanpedro.com.ar\/sitio\/wp-content\/uploads\/2018\/07\/ordenanza-576x1024.jpeg 576w, https:\/\/eldiariodesanpedro.com.ar\/sitio\/wp-content\/uploads\/2018\/07\/ordenanza-169x300.jpeg 169w, https:\/\/eldiariodesanpedro.com.ar\/sitio\/wp-content\/uploads\/2018\/07\/ordenanza.jpeg 720w\" data-sizes=\"(max-width: 576px) 100vw, 576px\" src=\"data:image\/svg+xml;base64,PHN2ZyB3aWR0aD0iMSIgaGVpZ2h0PSIxIiB4bWxucz0iaHR0cDovL3d3dy53My5vcmcvMjAwMC9zdmciPjwvc3ZnPg==\" style=\"--smush-placeholder-width: 576px; --smush-placeholder-aspect-ratio: 576\/1024;\" \/><\/p>\n","protected":false},"excerpt":{"rendered":"<p>\u00abHasta ahora no hubo avances en todo lo que prometi\u00f3 el municipio en su momento\u00bb contaba Gerardo Advarela del Movimiento de Trabajadores Excluidos (MTE) al Diario de San Pedro. Hace m\u00e1s de un a\u00f1o, que este grupo de trabajadores impulsados por el MTE, exigen al Municipio medidas para las casi 100 personas que trabajan en [&hellip;]<\/p>\n","protected":false},"author":4,"featured_media":35958,"comment_status":"open","ping_status":"closed","sticky":false,"template":"","format":"standard","meta":{"om_disable_all_campaigns":false,"_jetpack_memberships_contains_paid_content":false,"footnotes":""},"categories":[50,101,2],"tags":[],"class_list":["post-35950","post","type-post","status-publish","format-standard","has-post-thumbnail","hentry","category-destacadas","category-interes-general-locales","category-locales"],"aioseo_notices":[],"gutentor_comment":0,"jetpack_featured_media_url":"https:\/\/eldiariodesanpedro.com.ar\/sitio\/wp-content\/uploads\/2018\/07\/35242170_602169626847057_3021087984645570560_n.jpg","jetpack_shortlink":"https:\/\/wp.me\/p6RhLt-9lQ","jetpack_sharing_enabled":true,"_links":{"self":[{"href":"https:\/\/eldiariodesanpedro.com.ar\/sitio\/wp-json\/wp\/v2\/posts\/35950","targetHints":{"allow":["GET"]}}],"collection":[{"href":"https:\/\/eldiariodesanpedro.com.ar\/sitio\/wp-json\/wp\/v2\/posts"}],"about":[{"href":"https:\/\/eldiariodesanpedro.com.ar\/sitio\/wp-json\/wp\/v2\/types\/post"}],"author":[{"embeddable":true,"href":"https:\/\/eldiariodesanpedro.com.ar\/sitio\/wp-json\/wp\/v2\/users\/4"}],"replies":[{"embeddable":true,"href":"https:\/\/eldiariodesanpedro.com.ar\/sitio\/wp-json\/wp\/v2\/comments?post=35950"}],"version-history":[{"count":2,"href":"https:\/\/eldiariodesanpedro.com.ar\/sitio\/wp-json\/wp\/v2\/posts\/35950\/revisions"}],"predecessor-version":[{"id":35960,"href":"https:\/\/eldiariodesanpedro.com.ar\/sitio\/wp-json\/wp\/v2\/posts\/35950\/revisions\/35960"}],"wp:featuredmedia":[{"embeddable":true,"href":"https:\/\/eldiariodesanpedro.com.ar\/sitio\/wp-json\/wp\/v2\/media\/35958"}],"wp:attachment":[{"href":"https:\/\/eldiariodesanpedro.com.ar\/sitio\/wp-json\/wp\/v2\/media?parent=35950"}],"wp:term":[{"taxonomy":"category","embeddable":true,"href":"https:\/\/eldiariodesanpedro.com.ar\/sitio\/wp-json\/wp\/v2\/categories?post=35950"},{"taxonomy":"post_tag","embeddable":true,"href":"https:\/\/eldiariodesanpedro.com.ar\/sitio\/wp-json\/wp\/v2\/tags?post=35950"}],"curies":[{"name":"wp","href":"https:\/\/api.w.org\/{rel}","templated":true}]}}