{"id":35947,"date":"2018-07-05T17:22:28","date_gmt":"2018-07-05T20:22:28","guid":{"rendered":"https:\/\/eldiariodesanpedro.com.ar\/sitio\/?p=35947"},"modified":"2018-07-05T17:22:28","modified_gmt":"2018-07-05T20:22:28","slug":"san-nicolas-robo-en-un-local-del-centro-disfrazado-de-anciano","status":"publish","type":"post","link":"https:\/\/eldiariodesanpedro.com.ar\/sitio\/san-nicolas-robo-en-un-local-del-centro-disfrazado-de-anciano\/","title":{"rendered":"SAN NICOL\u00c1S: Rob\u00f3 en un local del centro disfrazado de anciano"},"content":{"rendered":"<p><!-- VideographyWP Plugin Message: Automatic video embedding prevented by plugin options. --><br \/>\nFue a las 9.00, en un local de la agencia de telefon\u00eda CLARO, ubicado en calle Naci\u00f3n entre Francia y Urquiza, que un sujeto disfrazado de anciano, habr\u00eda intimidado a la empleada y tras atarla con precintos, huy\u00f3 aparentemente llev\u00e1ndose varios celulares. El presunto delincuente fue atrapado en la esquina de Urquiza y Naci\u00f3n incaut\u00e1ndosele los objetos sustra\u00eddos.<br \/>\nPersonal policial, en calle Naci\u00f3n y Urquiza, procedi\u00f3 a la aprehensi\u00f3n de un sujeto de 35 a\u00f1os, y al secuestro en su poder de dos precintos pl\u00e1sticos, un bast\u00f3n de madera, una peluca color ceniza, una gorra tipo boina negra, unos anteojos de sol de pl\u00e1stico negros, una bufanda marr\u00f3n, un bolso conteniendo en su interior una cartera de mujer, un monedero conteniendo dinero en efectivo y 14 tel\u00e9fonos celulares. Los tel\u00e9fonos y la cartera, instantes antes habr\u00edan sido sustra\u00eddos de un local de la empresa de telefon\u00eda CLARO ubicada a media cuadra, por Naci\u00f3n.<br \/>\nEl sujeto, aparentemente simulando ser una persona de edad avanzada, vistiendo peluca y bast\u00f3n, mediante amenazas verbales, redujo y maniat\u00f3 con precintos a Marianela, la empleada de 29 a\u00f1os del local de venta de telefon\u00eda celular Claro, sustrayendo los 14 tel\u00e9fonos celulares y la cartera.<\/p>\n<p>Testimonio<br \/>\nMarianela, en dialogo con EL NORTE, cont\u00f3 que ella ya hab\u00eda visto al sujeto que la rob\u00f3, con anterioridad \u201cEste hombre ya hab\u00eda venido la semana pasada. Ese d\u00eda hab\u00eda entrado al local y en ese momento no tenia luz. Toda la cuadra ten\u00eda y yo no, no pod\u00eda atender a la gente as\u00ed. Este hombre apareci\u00f3 diciendo que \u00e9l pod\u00eda ayudar. Esta misma persona, despu\u00e9s me di cuenta, que el a\u00f1o pasado ya hab\u00eda venido a preguntar por tel\u00e9fonos y se hab\u00eda llevado uno de la vidriera\u201d.<br \/>\nSeg\u00fan lo que nos cont\u00f3 la joven, eran las 9 de la ma\u00f1ana y ella se encontraba en la oficina, ubicada en la parte de atr\u00e1s del sal\u00f3n de ventas \u201c\u00c9l vino vestido de anciano y primero no lo reconoc\u00ed pero despu\u00e9s, cuando lo vi a los ojos, empec\u00e9 a asociarlo, sab\u00eda que lo conoc\u00eda de alg\u00fan lado. Este se\u00f1or entr\u00f3 con boina, bufanda, bast\u00f3n, yo estaba en la oficina de atr\u00e1s y cuando me asomo, levanta el bast\u00f3n envuelto en una bolsa de consorcio y me pareci\u00f3 que era una escopeta. Ah\u00ed me dijo que me tire al piso, simulando que tenia un arma\u201d, cont\u00f3 sobre ese momento.<\/p>\n<p>El robo<br \/>\nEl sujeto empez\u00f3 a amenazarla y Marianela no quer\u00eda arrojarse al suelo, ni que la aten, por lo que comenz\u00f3 a gritar \u201cYo no quer\u00eda tirarme al piso, ni que me ate. Empec\u00e9 a gritar, a exagerar los ademanes tratando de que alguien escuche y llegue. \u00c9l se me acerca y me manosea. Ah\u00ed me asust\u00e9 y me tir\u00e9 al piso agarrando mi tel\u00e9fono. El hombre me agarr\u00f3 las manos y me las at\u00f3 con un precinto, tambi\u00e9n me at\u00f3 los pies\u201d, explic\u00f3.<br \/>\nLa joven al verse atada en el suelo comenz\u00f3 a tener mucho miedo sobre lo que podr\u00eda suceder, m\u00e1s aun sabiendo que se encontraban en la oficina y que de afuera nadie podr\u00eda ver lo que suced\u00eda  \u201cYo ah\u00ed me asust\u00e9 mucho, no sab\u00eda qu\u00e9 hacer, me encerr\u00f3 en la oficina de atr\u00e1s y ah\u00ed tuve mucho miedo porque el cerr\u00f3 todo, no se ve\u00eda nada de afuera. Todo esto pas\u00f3 r\u00e1pido pero ese momento se me hizo eterno. Agarr\u00f3 una bolsa de consorcio y yo me desesper\u00e9. Ah\u00ed veo que se mete todos los tel\u00e9fonos en la bolsa. Yo me arrastre como pude y con el tel\u00e9fono llam\u00e9 a mi jefe y le dec\u00eda que mire la c\u00e1mara, que nos estaban robando. Cuando el ladr\u00f3n me ve, sale corriendo. Como pude me pare y sal\u00ed corriendo a los gritos. Ah\u00ed vinieron de los locales vecinos y me ayudaron, me desataron y cortaron los precintos. En ese momento no sab\u00e9s lo que te va a pasar, no sabes si tiene una escopeta y te va a disparar\u201d agreg\u00f3 Marianela recordando el traum\u00e1tico episodio sufrido.<br \/>\nEn sede Policial, se instruyeron actuaciones penales caratuladas \u201cTentativa de robo\u201d, con intervenci\u00f3n de la Unidad Funcional de Instrucci\u00f3n 4 San Nicol\u00e1s.<br \/>\nFuente: Diario El Norte<\/p>\n","protected":false},"excerpt":{"rendered":"<p>Fue a las 9.00, en un local de la agencia de telefon\u00eda CLARO, ubicado en calle Naci\u00f3n entre Francia y Urquiza, que un sujeto disfrazado de anciano, habr\u00eda intimidado a la empleada y tras atarla con precintos, huy\u00f3 aparentemente llev\u00e1ndose varios celulares. El presunto delincuente fue atrapado en la esquina de Urquiza y Naci\u00f3n incaut\u00e1ndosele [&hellip;]<\/p>\n","protected":false},"author":4,"featured_media":35948,"comment_status":"open","ping_status":"closed","sticky":false,"template":"","format":"standard","meta":{"om_disable_all_campaigns":false,"_jetpack_memberships_contains_paid_content":false,"footnotes":""},"categories":[621],"tags":[],"class_list":["post-35947","post","type-post","status-publish","format-standard","has-post-thumbnail","hentry","category-regionales"],"aioseo_notices":[],"gutentor_comment":0,"jetpack_featured_media_url":"https:\/\/eldiariodesanpedro.com.ar\/sitio\/wp-content\/uploads\/2018\/07\/PAGINA-7.jpg","jetpack_shortlink":"https:\/\/wp.me\/p6RhLt-9lN","jetpack_sharing_enabled":true,"_links":{"self":[{"href":"https:\/\/eldiariodesanpedro.com.ar\/sitio\/wp-json\/wp\/v2\/posts\/35947","targetHints":{"allow":["GET"]}}],"collection":[{"href":"https:\/\/eldiariodesanpedro.com.ar\/sitio\/wp-json\/wp\/v2\/posts"}],"about":[{"href":"https:\/\/eldiariodesanpedro.com.ar\/sitio\/wp-json\/wp\/v2\/types\/post"}],"author":[{"embeddable":true,"href":"https:\/\/eldiariodesanpedro.com.ar\/sitio\/wp-json\/wp\/v2\/users\/4"}],"replies":[{"embeddable":true,"href":"https:\/\/eldiariodesanpedro.com.ar\/sitio\/wp-json\/wp\/v2\/comments?post=35947"}],"version-history":[{"count":1,"href":"https:\/\/eldiariodesanpedro.com.ar\/sitio\/wp-json\/wp\/v2\/posts\/35947\/revisions"}],"predecessor-version":[{"id":35949,"href":"https:\/\/eldiariodesanpedro.com.ar\/sitio\/wp-json\/wp\/v2\/posts\/35947\/revisions\/35949"}],"wp:featuredmedia":[{"embeddable":true,"href":"https:\/\/eldiariodesanpedro.com.ar\/sitio\/wp-json\/wp\/v2\/media\/35948"}],"wp:attachment":[{"href":"https:\/\/eldiariodesanpedro.com.ar\/sitio\/wp-json\/wp\/v2\/media?parent=35947"}],"wp:term":[{"taxonomy":"category","embeddable":true,"href":"https:\/\/eldiariodesanpedro.com.ar\/sitio\/wp-json\/wp\/v2\/categories?post=35947"},{"taxonomy":"post_tag","embeddable":true,"href":"https:\/\/eldiariodesanpedro.com.ar\/sitio\/wp-json\/wp\/v2\/tags?post=35947"}],"curies":[{"name":"wp","href":"https:\/\/api.w.org\/{rel}","templated":true}]}}