{"id":35944,"date":"2018-07-05T17:17:57","date_gmt":"2018-07-05T20:17:57","guid":{"rendered":"https:\/\/eldiariodesanpedro.com.ar\/sitio\/?p=35944"},"modified":"2018-07-05T17:17:57","modified_gmt":"2018-07-05T20:17:57","slug":"ramallo-este-viernes-vuelve-el-club-del-trueque-a-ramallo","status":"publish","type":"post","link":"https:\/\/eldiariodesanpedro.com.ar\/sitio\/ramallo-este-viernes-vuelve-el-club-del-trueque-a-ramallo\/","title":{"rendered":"RAMALLO: Este viernes: \u201cVuelve el Club del Trueque a Ramallo\u201d"},"content":{"rendered":"<p><!-- VideographyWP Plugin Message: Automatic video embedding prevented by plugin options. --><br \/>\nSobre este proyecto, de volver con \u201cEl Club del Trueque\u201d, hemos Hablado con Victoria Serralta, una de las integrantes del grupo que decidi\u00f3 reorganizar esta pr\u00e1ctica que sirvi\u00f3 como paliativo durante la crisis que se vivi\u00f3 en argentina durante el 2001.<\/p>\n<p>\u201cLa idea surgi\u00f3 viendo la situaci\u00f3n de muchas personas que en este \u00faltimo tiempo se han quedado sin trabajo y est\u00e1n luchando para llegar a fin d emes\u201d comenz\u00f3 diciendo Victoria Serralta a esta redacci\u00f3n.<\/p>\n<p>\u201cEnseguida empezamos a ver la posibilidad de reorganizar el club del trueque. Nos pusimos en contacto con gente que estuvo llevando a cabo esta iniciativa en su momento, all\u00e1 por el 2001. Hablamos con Rub\u00e9n Rabena, uno de los tres fundadores en ese momento,  quien nos puso al tanto sobre el tema de los cr\u00e9ditos y ah\u00ed surgi\u00f3 la propuesta de solicitarles a aquellas personas que tengan los cr\u00e9ditos que se otorgaban en el 2001 para poder enviarlos a Buenos Aires para que los sellen y as\u00ed queden revalidados.<\/p>\n<p>Para poder empezar necesitamos que aquellas personas que quieran participar se anoten en una planilla con su DNI, nombre completo y el producto o servicio que desea brindar. Esta fue una de las cosas que nos sugirieron quienes ya lo llevaron a cabo, para de esta manera estar organizados\u201d, detall\u00f3 la joven Serralta una de las impulsoras del proyecto.<\/p>\n<p>La noticia es que \u201ceste viernes a partir de las 15:00hs dar\u00e1 comienzo, en el Sal\u00f3n Comunitario Stella Maris de Ramallo\u201d.<\/p>\n<p>Quienes impulsaron la vuelta del trueque, crearon una p\u00e1gina de Facebook donde hicieron llegar a todos los interesados la informaci\u00f3n sobre el funcionamiento y algunas recomendaciones para los que deseen participar, la misma se llama: \u201cClub del Trueque. Red Global. Ramallo\u201d<\/p>\n","protected":false},"excerpt":{"rendered":"<p>Sobre este proyecto, de volver con \u201cEl Club del Trueque\u201d, hemos Hablado con Victoria Serralta, una de las integrantes del grupo que decidi\u00f3 reorganizar esta pr\u00e1ctica que sirvi\u00f3 como paliativo durante la crisis que se vivi\u00f3 en argentina durante el 2001. \u201cLa idea surgi\u00f3 viendo la situaci\u00f3n de muchas personas que en este \u00faltimo tiempo [&hellip;]<\/p>\n","protected":false},"author":4,"featured_media":35945,"comment_status":"open","ping_status":"closed","sticky":false,"template":"","format":"standard","meta":{"om_disable_all_campaigns":false,"_jetpack_memberships_contains_paid_content":false,"footnotes":""},"categories":[621],"tags":[],"class_list":["post-35944","post","type-post","status-publish","format-standard","has-post-thumbnail","hentry","category-regionales"],"aioseo_notices":[],"gutentor_comment":0,"jetpack_featured_media_url":"https:\/\/eldiariodesanpedro.com.ar\/sitio\/wp-content\/uploads\/2018\/07\/clubtrueque1-782x491.jpg","jetpack_shortlink":"https:\/\/wp.me\/p6RhLt-9lK","jetpack_sharing_enabled":true,"_links":{"self":[{"href":"https:\/\/eldiariodesanpedro.com.ar\/sitio\/wp-json\/wp\/v2\/posts\/35944","targetHints":{"allow":["GET"]}}],"collection":[{"href":"https:\/\/eldiariodesanpedro.com.ar\/sitio\/wp-json\/wp\/v2\/posts"}],"about":[{"href":"https:\/\/eldiariodesanpedro.com.ar\/sitio\/wp-json\/wp\/v2\/types\/post"}],"author":[{"embeddable":true,"href":"https:\/\/eldiariodesanpedro.com.ar\/sitio\/wp-json\/wp\/v2\/users\/4"}],"replies":[{"embeddable":true,"href":"https:\/\/eldiariodesanpedro.com.ar\/sitio\/wp-json\/wp\/v2\/comments?post=35944"}],"version-history":[{"count":1,"href":"https:\/\/eldiariodesanpedro.com.ar\/sitio\/wp-json\/wp\/v2\/posts\/35944\/revisions"}],"predecessor-version":[{"id":35946,"href":"https:\/\/eldiariodesanpedro.com.ar\/sitio\/wp-json\/wp\/v2\/posts\/35944\/revisions\/35946"}],"wp:featuredmedia":[{"embeddable":true,"href":"https:\/\/eldiariodesanpedro.com.ar\/sitio\/wp-json\/wp\/v2\/media\/35945"}],"wp:attachment":[{"href":"https:\/\/eldiariodesanpedro.com.ar\/sitio\/wp-json\/wp\/v2\/media?parent=35944"}],"wp:term":[{"taxonomy":"category","embeddable":true,"href":"https:\/\/eldiariodesanpedro.com.ar\/sitio\/wp-json\/wp\/v2\/categories?post=35944"},{"taxonomy":"post_tag","embeddable":true,"href":"https:\/\/eldiariodesanpedro.com.ar\/sitio\/wp-json\/wp\/v2\/tags?post=35944"}],"curies":[{"name":"wp","href":"https:\/\/api.w.org\/{rel}","templated":true}]}}