{"id":35941,"date":"2018-07-05T17:15:01","date_gmt":"2018-07-05T20:15:01","guid":{"rendered":"https:\/\/eldiariodesanpedro.com.ar\/sitio\/?p=35941"},"modified":"2018-07-05T17:15:01","modified_gmt":"2018-07-05T20:15:01","slug":"campana-personal-de-ddi-zarate-campana-detuvo-a-depravado-que-violo-a-su-propia-hermana","status":"publish","type":"post","link":"https:\/\/eldiariodesanpedro.com.ar\/sitio\/campana-personal-de-ddi-zarate-campana-detuvo-a-depravado-que-violo-a-su-propia-hermana\/","title":{"rendered":"CAMPANA: Personal de DDI Z\u00e1rate-Campana detuvo a depravado que viol\u00f3 a su propia hermana"},"content":{"rendered":"<p><!-- VideographyWP Plugin Message: Automatic video embedding prevented by plugin options. --><br \/>\nEl delincuente sexual, de 28 a\u00f1os, estaba pr\u00f3fugo de la Justicia y oculto en General Rodr\u00edguez. Intensas tareas investigativas permitieron establecer su paradero y lograr su detenci\u00f3n. Interviene en el hecho la Fiscal\u00eda Tem\u00e1tica N\u00ba 3 de Campana, a cargo de la Dra. Eleonora Day Arenas, y del Juzgado de Garant\u00edas N\u00ba 2, a cargo del Dr. Julio Andr\u00e9s Grassi.<\/p>\n<p>Detectives de la DDI Z\u00e1rate-Campana, desarrollaron tareas investigativas en la causa caratulada \u201cAbuso Sexual con Acceso Carnal Agravado por el V\u00ednculo\u201d, que deriv\u00f3 en la detenci\u00f3n de un depravado de 28 a\u00f1os que se encontraba pr\u00f3fugo y oculto en Gral. Rodr\u00edguez, tras violar a su propia hermana.<\/p>\n<p>Interviene en el hecho la Fiscal\u00eda Tem\u00e1tica N\u00ba 3 de Campana, a cargo de la Dra. Eleonora Day Arenas, y del Juzgado de Garant\u00edas N\u00ba 2, a cargo del Dr. Julio Andr\u00e9s Grassi.<\/p>\n<p>Seg\u00fan se precisara, el Juez de Garant\u00edas dispuso la intervenci\u00f3n de abonados telef\u00f3nicos para dar con el paradero del imputado, de 28 a\u00f1os, que abus\u00f3 sexualmente de su propia hermana, y que se hallaba pr\u00f3fugo desde el pasado 28 de julio, cuando cometi\u00f3 el hecho denunciado.<\/p>\n<p>El pronto y profesional accionar policial, respaldado por el Poder Judicial, dio fruto en las \u00faltimas horas cuando Unidades Investigativas de la DDI Z\u00e1rate-Campana se desplazaron a la localidad de General Rodr\u00edguez, donde se hab\u00eda logrado establecer que se encontraba oculto en delincuente sexual, estableciendo que el imputado se har\u00eda presente en calle Leandro N. Alem, entre Rawson y Ant\u00e1rtida Argentina, de la mencionada localidad bonaerense, donde de manera encubierta permanecieron hasta que al logra avistar al buscado procediendo a su inmediata detenci\u00f3n.<\/p>\n<p>Fuente: Campana Noticias<\/p>\n","protected":false},"excerpt":{"rendered":"<p>El delincuente sexual, de 28 a\u00f1os, estaba pr\u00f3fugo de la Justicia y oculto en General Rodr\u00edguez. Intensas tareas investigativas permitieron establecer su paradero y lograr su detenci\u00f3n. Interviene en el hecho la Fiscal\u00eda Tem\u00e1tica N\u00ba 3 de Campana, a cargo de la Dra. Eleonora Day Arenas, y del Juzgado de Garant\u00edas N\u00ba 2, a cargo [&hellip;]<\/p>\n","protected":false},"author":4,"featured_media":35942,"comment_status":"open","ping_status":"closed","sticky":false,"template":"","format":"standard","meta":{"om_disable_all_campaigns":false,"_jetpack_memberships_contains_paid_content":false,"footnotes":""},"categories":[621],"tags":[],"class_list":["post-35941","post","type-post","status-publish","format-standard","has-post-thumbnail","hentry","category-regionales"],"aioseo_notices":[],"gutentor_comment":0,"jetpack_featured_media_url":"https:\/\/eldiariodesanpedro.com.ar\/sitio\/wp-content\/uploads\/2018\/07\/20180704113054.jpg","jetpack_shortlink":"https:\/\/wp.me\/p6RhLt-9lH","jetpack_sharing_enabled":true,"_links":{"self":[{"href":"https:\/\/eldiariodesanpedro.com.ar\/sitio\/wp-json\/wp\/v2\/posts\/35941","targetHints":{"allow":["GET"]}}],"collection":[{"href":"https:\/\/eldiariodesanpedro.com.ar\/sitio\/wp-json\/wp\/v2\/posts"}],"about":[{"href":"https:\/\/eldiariodesanpedro.com.ar\/sitio\/wp-json\/wp\/v2\/types\/post"}],"author":[{"embeddable":true,"href":"https:\/\/eldiariodesanpedro.com.ar\/sitio\/wp-json\/wp\/v2\/users\/4"}],"replies":[{"embeddable":true,"href":"https:\/\/eldiariodesanpedro.com.ar\/sitio\/wp-json\/wp\/v2\/comments?post=35941"}],"version-history":[{"count":1,"href":"https:\/\/eldiariodesanpedro.com.ar\/sitio\/wp-json\/wp\/v2\/posts\/35941\/revisions"}],"predecessor-version":[{"id":35943,"href":"https:\/\/eldiariodesanpedro.com.ar\/sitio\/wp-json\/wp\/v2\/posts\/35941\/revisions\/35943"}],"wp:featuredmedia":[{"embeddable":true,"href":"https:\/\/eldiariodesanpedro.com.ar\/sitio\/wp-json\/wp\/v2\/media\/35942"}],"wp:attachment":[{"href":"https:\/\/eldiariodesanpedro.com.ar\/sitio\/wp-json\/wp\/v2\/media?parent=35941"}],"wp:term":[{"taxonomy":"category","embeddable":true,"href":"https:\/\/eldiariodesanpedro.com.ar\/sitio\/wp-json\/wp\/v2\/categories?post=35941"},{"taxonomy":"post_tag","embeddable":true,"href":"https:\/\/eldiariodesanpedro.com.ar\/sitio\/wp-json\/wp\/v2\/tags?post=35941"}],"curies":[{"name":"wp","href":"https:\/\/api.w.org\/{rel}","templated":true}]}}