{"id":35938,"date":"2018-07-05T10:17:01","date_gmt":"2018-07-05T13:17:01","guid":{"rendered":"https:\/\/eldiariodesanpedro.com.ar\/sitio\/?p=35938"},"modified":"2018-07-05T10:17:01","modified_gmt":"2018-07-05T13:17:01","slug":"campana-dos-detenidos-por-dejar-muerta-a-una-chica-de-16-anos-en-la-puerta-de-un-hospital","status":"publish","type":"post","link":"https:\/\/eldiariodesanpedro.com.ar\/sitio\/campana-dos-detenidos-por-dejar-muerta-a-una-chica-de-16-anos-en-la-puerta-de-un-hospital\/","title":{"rendered":"CAMPANA: Dos detenidos por dejar muerta a una chica de 16 a\u00f1os en la puerta de un hospital"},"content":{"rendered":"<p><!-- VideographyWP Plugin Message: Automatic video embedding prevented by plugin options. --><br \/>\nLos hombres, de 30 y 46 a\u00f1os, intentaron escapar y los encontraron por videos de seguridad. La joven habr\u00eda muerto por una sobredosis e investigan si hubo abuso sexual.<\/p>\n<p>Dos hombres de 30 y 46 a\u00f1os dejaron muerta en la puerta del Hospital municipal San Jos\u00e9 en la ciudad bonaerense de Campana a una joven de 16 a\u00f1os y huyeron. Cuando los m\u00e9dicos la revisaron y vieron indicios de que podr\u00eda haber fallecido por una sobredosis.<\/p>\n<p>Gracias a las c\u00e1maras de seguridad local, la polic\u00eda pudo hacer un seguimiento del movimiento de los hombres y se constat\u00f3 que hab\u00edan llevado a la joven a un departamento de ellos, de donde salieron con el cuerpo tambi\u00e9n.<\/p>\n<p>La polic\u00eda bonaerense realiz\u00f3 una serie de allanamientos de urgencia en la vivienda de ambos hombres y encontraron coca\u00edna y elementos que sugieren que podr\u00eda haber existido un abuso sexual.<\/p>\n<p>Ambos sujetos quedaron detenidos acusados de haberle suministrado estupefacientes a la menor, en el marco de la ley de drogas, pero la car\u00e1tula podr\u00eda modificarse en caso de que se compruebe que hubo un abuso sexual, con los nuevos datos que pueda arrojar la autopsia. La investigaci\u00f3n est\u00e1 en manos de la UFI 2\u00b0 de Campana a cargo del fiscal Mat\u00edas Ferreiros.<\/p>\n","protected":false},"excerpt":{"rendered":"<p>Los hombres, de 30 y 46 a\u00f1os, intentaron escapar y los encontraron por videos de seguridad. La joven habr\u00eda muerto por una sobredosis e investigan si hubo abuso sexual. Dos hombres de 30 y 46 a\u00f1os dejaron muerta en la puerta del Hospital municipal San Jos\u00e9 en la ciudad bonaerense de Campana a una joven [&hellip;]<\/p>\n","protected":false},"author":4,"featured_media":35939,"comment_status":"open","ping_status":"closed","sticky":false,"template":"","format":"standard","meta":{"om_disable_all_campaigns":false,"_jetpack_memberships_contains_paid_content":false,"footnotes":""},"categories":[621],"tags":[],"class_list":["post-35938","post","type-post","status-publish","format-standard","has-post-thumbnail","hentry","category-regionales"],"aioseo_notices":[],"gutentor_comment":0,"jetpack_featured_media_url":"https:\/\/eldiariodesanpedro.com.ar\/sitio\/wp-content\/uploads\/2018\/07\/hospital-municipal-san-jose-campana.jpg","jetpack_shortlink":"https:\/\/wp.me\/p6RhLt-9lE","jetpack_sharing_enabled":true,"_links":{"self":[{"href":"https:\/\/eldiariodesanpedro.com.ar\/sitio\/wp-json\/wp\/v2\/posts\/35938","targetHints":{"allow":["GET"]}}],"collection":[{"href":"https:\/\/eldiariodesanpedro.com.ar\/sitio\/wp-json\/wp\/v2\/posts"}],"about":[{"href":"https:\/\/eldiariodesanpedro.com.ar\/sitio\/wp-json\/wp\/v2\/types\/post"}],"author":[{"embeddable":true,"href":"https:\/\/eldiariodesanpedro.com.ar\/sitio\/wp-json\/wp\/v2\/users\/4"}],"replies":[{"embeddable":true,"href":"https:\/\/eldiariodesanpedro.com.ar\/sitio\/wp-json\/wp\/v2\/comments?post=35938"}],"version-history":[{"count":1,"href":"https:\/\/eldiariodesanpedro.com.ar\/sitio\/wp-json\/wp\/v2\/posts\/35938\/revisions"}],"predecessor-version":[{"id":35940,"href":"https:\/\/eldiariodesanpedro.com.ar\/sitio\/wp-json\/wp\/v2\/posts\/35938\/revisions\/35940"}],"wp:featuredmedia":[{"embeddable":true,"href":"https:\/\/eldiariodesanpedro.com.ar\/sitio\/wp-json\/wp\/v2\/media\/35939"}],"wp:attachment":[{"href":"https:\/\/eldiariodesanpedro.com.ar\/sitio\/wp-json\/wp\/v2\/media?parent=35938"}],"wp:term":[{"taxonomy":"category","embeddable":true,"href":"https:\/\/eldiariodesanpedro.com.ar\/sitio\/wp-json\/wp\/v2\/categories?post=35938"},{"taxonomy":"post_tag","embeddable":true,"href":"https:\/\/eldiariodesanpedro.com.ar\/sitio\/wp-json\/wp\/v2\/tags?post=35938"}],"curies":[{"name":"wp","href":"https:\/\/api.w.org\/{rel}","templated":true}]}}