{"id":35935,"date":"2018-07-05T10:12:26","date_gmt":"2018-07-05T13:12:26","guid":{"rendered":"https:\/\/eldiariodesanpedro.com.ar\/sitio\/?p=35935"},"modified":"2018-07-05T10:12:26","modified_gmt":"2018-07-05T13:12:26","slug":"baradero-buscan-intensamente-a-casimiro-nunez","status":"publish","type":"post","link":"https:\/\/eldiariodesanpedro.com.ar\/sitio\/baradero-buscan-intensamente-a-casimiro-nunez\/","title":{"rendered":"BARADERO: Buscan intensamente a Casimiro Nu\u00f1ez"},"content":{"rendered":"<p><!-- VideographyWP Plugin Message: Automatic video embedding prevented by plugin options. --><br \/>\nLa polic\u00eda busca intensamente el paradero de este vecino de nuestra ciudad de 56 a\u00f1os de edad que fue visto por \u00faltima vez el 30 de junio. La polic\u00eda adem\u00e1s inform\u00f3 que resulta ser una persona que posee problemas con el alcohol, posee un retraso madurativo y sufre de ataques de epilepsia.<\/p>\n<p>Domingo Casimiro Nu\u00f1ez es argentino, instruido, soltero, domiciliado en calle San Mart\u00edn al 3000 de nuestra ciudad.<\/p>\n<p>Es de tez trigue\u00f1a, ojos marrones, cabello ondulado y canoso,  altura de 1.80 metros aproximadamente, contextura f\u00edsica robusta, posee una cicatriz en una de sus manos desconociendo cual fuera.<\/p>\n<p>Se desconoce si al retirarse llevaba dinero, no posee celular, ni documentaci\u00f3n. Tampoco posee piercing, ni tatuajes. Se desconoce c\u00f3mo se vest\u00eda al momento de su desaparici\u00f3n. A su vez, informaron que es la primera vez que la causante hace algo as\u00ed.<\/p>\n<p>Cualquier novedad informar de inmediato a esta seccional policial, tel\u00e9fono n\u00famero 03329 \u2013 480115.<\/p>\n","protected":false},"excerpt":{"rendered":"<p>La polic\u00eda busca intensamente el paradero de este vecino de nuestra ciudad de 56 a\u00f1os de edad que fue visto por \u00faltima vez el 30 de junio. La polic\u00eda adem\u00e1s inform\u00f3 que resulta ser una persona que posee problemas con el alcohol, posee un retraso madurativo y sufre de ataques de epilepsia. Domingo Casimiro Nu\u00f1ez [&hellip;]<\/p>\n","protected":false},"author":4,"featured_media":35936,"comment_status":"open","ping_status":"closed","sticky":false,"template":"","format":"standard","meta":{"om_disable_all_campaigns":false,"_jetpack_memberships_contains_paid_content":false,"footnotes":""},"categories":[621],"tags":[],"class_list":["post-35935","post","type-post","status-publish","format-standard","has-post-thumbnail","hentry","category-regionales"],"aioseo_notices":[],"gutentor_comment":0,"jetpack_featured_media_url":"https:\/\/eldiariodesanpedro.com.ar\/sitio\/wp-content\/uploads\/2018\/07\/casimiro-681x784.jpg","jetpack_shortlink":"https:\/\/wp.me\/p6RhLt-9lB","jetpack_sharing_enabled":true,"_links":{"self":[{"href":"https:\/\/eldiariodesanpedro.com.ar\/sitio\/wp-json\/wp\/v2\/posts\/35935","targetHints":{"allow":["GET"]}}],"collection":[{"href":"https:\/\/eldiariodesanpedro.com.ar\/sitio\/wp-json\/wp\/v2\/posts"}],"about":[{"href":"https:\/\/eldiariodesanpedro.com.ar\/sitio\/wp-json\/wp\/v2\/types\/post"}],"author":[{"embeddable":true,"href":"https:\/\/eldiariodesanpedro.com.ar\/sitio\/wp-json\/wp\/v2\/users\/4"}],"replies":[{"embeddable":true,"href":"https:\/\/eldiariodesanpedro.com.ar\/sitio\/wp-json\/wp\/v2\/comments?post=35935"}],"version-history":[{"count":1,"href":"https:\/\/eldiariodesanpedro.com.ar\/sitio\/wp-json\/wp\/v2\/posts\/35935\/revisions"}],"predecessor-version":[{"id":35937,"href":"https:\/\/eldiariodesanpedro.com.ar\/sitio\/wp-json\/wp\/v2\/posts\/35935\/revisions\/35937"}],"wp:featuredmedia":[{"embeddable":true,"href":"https:\/\/eldiariodesanpedro.com.ar\/sitio\/wp-json\/wp\/v2\/media\/35936"}],"wp:attachment":[{"href":"https:\/\/eldiariodesanpedro.com.ar\/sitio\/wp-json\/wp\/v2\/media?parent=35935"}],"wp:term":[{"taxonomy":"category","embeddable":true,"href":"https:\/\/eldiariodesanpedro.com.ar\/sitio\/wp-json\/wp\/v2\/categories?post=35935"},{"taxonomy":"post_tag","embeddable":true,"href":"https:\/\/eldiariodesanpedro.com.ar\/sitio\/wp-json\/wp\/v2\/tags?post=35935"}],"curies":[{"name":"wp","href":"https:\/\/api.w.org\/{rel}","templated":true}]}}